{"id":12602,"date":"2020-12-11T09:39:08","date_gmt":"2020-12-11T08:39:08","guid":{"rendered":"https:\/\/rechtsanwalt.fr\/?p=12602"},"modified":"2024-05-07T12:57:17","modified_gmt":"2024-05-07T10:57:17","slug":"embauche-dun-salarie-en-allemagne","status":"publish","type":"post","link":"https:\/\/rechtsanwalt.fr\/fr\/embauche-dun-salarie-en-allemagne\/","title":{"rendered":"Embauche d'un salari\u00e9 en Allemagne"},"content":{"rendered":"\n<p>Les fondamentaux en droit allemand<\/p>\n\n\n<figure class=\"wp-block-embed-youtube wp-block-embed is-type-video is-provider-youtube wp-embed-aspect-16-9 wp-has-aspect-ratio lyte-align alignleft\"><div class=\"lyte-wrapper\" title=\"Embauche d&amp;#039;un salari&eacute; en Allemagne - Ulrich Martin | EPP Rechtsanw&auml;lte Avocats\" style=\"width:1280px;max-width:100%;margin:5px;\"><div class=\"lyMe hidef\" id=\"WYL_h87sp5wHeCQ\" itemprop=\"video\" itemscope itemtype=\"https:\/\/schema.org\/VideoObject\"><div><meta itemprop=\"thumbnailUrl\" content=\"https:\/\/rechtsanwalt.fr\/wp-content\/plugins\/wp-youtube-lyte\/lyteCache.php?origThumbUrl=https%3A%2F%2Fi.ytimg.com%2Fvi%2Fh87sp5wHeCQ%2Fmaxresdefault.jpg\" \/><meta itemprop=\"embedURL\" content=\"https:\/\/www.youtube.com\/embed\/h87sp5wHeCQ\" \/><meta itemprop=\"duration\" content=\"PT7M38S\" \/><meta itemprop=\"uploadDate\" content=\"2020-12-11T10:46:56Z\" \/><\/div><div id=\"lyte_h87sp5wHeCQ\" data-src=\"https:\/\/rechtsanwalt.fr\/wp-content\/plugins\/wp-youtube-lyte\/lyteCache.php?origThumbUrl=https%3A%2F%2Fi.ytimg.com%2Fvi%2Fh87sp5wHeCQ%2Fmaxresdefault.jpg\" class=\"pL\"><div class=\"tC\"><div class=\"tT\" itemprop=\"name\">Embauche d&#039;un salari\u00e9 en Allemagne - Ulrich Martin | EPP Rechtsanw\u00e4lte Avocats<\/div><\/div><div class=\"play\"><\/div><div class=\"ctrl\"><div class=\"Lctrl\"><\/div><div class=\"Rctrl\"><\/div><\/div><\/div><noscript><a href=\"https:\/\/youtu.be\/h87sp5wHeCQ\" rel=\"nofollow\"><img decoding=\"async\" src=\"https:\/\/rechtsanwalt.fr\/wp-content\/plugins\/wp-youtube-lyte\/lyteCache.php?origThumbUrl=https%3A%2F%2Fi.ytimg.com%2Fvi%2Fh87sp5wHeCQ%2F0.jpg\" alt=\"Embauche d&amp;#039;un salari&eacute; en Allemagne - Ulrich Martin | EPP Rechtsanw&auml;lte Avocats\" width=\"1280\" height=\"700\" \/><br \/>Lire cette vid\u00e9o sur YouTube<\/a><\/noscript><meta itemprop=\"description\" content=\"Le cabinet d&#039;avocats franco-allemand EPP vous renseigne sur l\u2019embauche de salari\u00e9s en Allemagne. Dans cette courte vid\u00e9o, vous appr\u00e9henderez les avantages qu\u2019offre \u00e0 votre entreprise le droit social allemand, g\u00e9n\u00e9ralement plus lib\u00e9ral par rapport au droit social en France. Est-ce qu\u2019en tant qu\u2019entreprise fran\u00e7aise, vous pouvez directement embaucher un salari\u00e9 en Allemagne ou vaut-il mieux de contracter par une filiale en Allemagne ? Les charges sociales en Allemagne sont beaucoup plus basses qu\u2019en France, \u00e0 savoir d\u2019environ 50 %. Les conventions collectives \u00e9tendues sont plus rares en Allemagne. Il n\u2019existe pas la limite des 35 heures hebdomadaires en termes de dur\u00e9e du travail. Un CDD peut \u00eatre conclu en Allemagne, jusqu\u2019\u00e0 une dur\u00e9e de deux ans, g\u00e9n\u00e9ralement sans n\u00e9cessit\u00e9 de motif. Vous serez inform\u00e9 dans notre vid\u00e9o \u00e9galement sur les cong\u00e9s pay\u00e9s en Allemagne, ainsi que le salaire minimum, le maintien du salaire en cas de maladie et le comit\u00e9 d\u2019entreprise de droit allemand. Notre d\u00e9partement sp\u00e9cialis\u00e9 en mati\u00e8re de \u00ab Droit social en Allemagne \u00bb se fera un plaisir de vous accompagner dans vos projets et de r\u00e9pondre \u00e0 vos questions sur le sujet. Votre interlocuteur au sein du cabinet EPP Rechtsanw\u00e4lte Avocats : Ulrich Martin, Rechtsanwalt (Avocat allemand) Quelques publications traitant du sujet : Droit social et relation de travail : https:\/\/rechtsanwalt.fr\/fr\/publications\/droit-social-relation-de-travail-en-allemagne\/ Le cadre juridique des relations entre employeur et employ\u00e9 en Allemagne : https:\/\/rechtsanwalt.fr\/fr\/le-cadre-juridique-des-relations-entre-employeur-et-employe-en-allemagne\/ CDI avec p\u00e9riode d\u2019essai et CDD : https:\/\/rechtsanwalt.fr\/fr\/cdi-avec-periode-dessai-et-cdd\/ Conventions collectives en Allemagne : https:\/\/rechtsanwalt.fr\/fr\/conventions-collectives-en-allemagne\/ Les \u00ab Mini-jobs \u00bb en Allemagne : Obligations incombant \u00e0 l\u2019employeur https:\/\/rechtsanwalt.fr\/fr\/mini-jobs-activite-reduite-avec-exoneration-de-charges-sociales-et-travail-sur-appel-en-allemagne-obligations-incombant-a-lemployeur\/ Notre Magazine LA NOUVELLE - Droit du travail en Allemagne : https:\/\/rechtsanwalt.fr\/epaper\/nouvelle_droit_du_travail_05-2020\/index.html Nos comp\u00e9tences en mati\u00e8re de droit social en Allemagne : https:\/\/rechtsanwalt.fr\/fr\/competences\/droit-du-travail-allemand\/ 00:00 Intro 02:01 Avantages du droit social allemand 02:44 Conventions collectives (Tarifvertr\u00e4ge) 03:37 Dur\u00e9e du travail et du contrat 05:15 Salaire minimum et cong\u00e9s pay\u00e9s 06:02 Comit\u00e9 d\u2019entreprise (Betriebsrat) 06:47 Outro ______________________________________________________________________________________________ Depuis sa cr\u00e9ation en 1994, le cabinet EPP Rechtsanw\u00e4lte Avocats est particuli\u00e8rement sp\u00e9cialis\u00e9 et exclusivement actif dans le domaine du droit transfrontalier franco-allemand des soci\u00e9t\u00e9s, de l&#039;immobilier et des banques. En tant que cabinet de droit commercial franco-allemand comptant plus de 25 avocats et juristes bilingues et disposant de son propre service de traduction, nous fournissons toujours des conseils pragmatiques et ax\u00e9s sur les solutions. Vous trouverez nos coordonn\u00e9es sous : https:\/\/rechtsanwalt.fr\/fr\/bureaux\/ ______________________________________________________________________________________________ A nos c\u00f4t\u00e9s, un r\u00e9seau d\u2019experts francophones pourra vous apporter tout le soutien technique attendu dans la mise en place de votre implantation en Allemagne et dans votre d\u00e9veloppement outre-Rhin : \u2022 La Soci\u00e9t\u00e9 de domiciliation Vis-\u00e0-Vis vous propose une large palette de prestations allant de la mise \u00e0 disposition d\u2019une adresse en Allemagne \u00e0 la domiciliation d\u2019une filiale en passant par l\u2019accompagnement des V.I.E. Implant\u00e9e \u00e0 Baden-Baden, la soci\u00e9t\u00e9 Vis-\u00e0-Vis met \u00e0 disposition des soci\u00e9t\u00e9s fran\u00e7aises un espace de travail op\u00e9rationnel (internet haut d\u00e9bit, imprimante, scanner, photocopieuse\u2026) ainsi qu\u2019une salle de r\u00e9union. Tous les interlocuteurs, francophones (et germanophones), rompus aux \u00e9changes culturels entre la France et l\u2019Allemagne, sont \u00e0 votre service afin de faciliter les contacts. Plus d\u2019information sur : https:\/\/www.vis-a-vis.fr\/ \u2022 Avec EPP TAX nous nous engageons aux c\u00f4t\u00e9s de soci\u00e9t\u00e9s fran\u00e7aises, belges et suisses et de leurs filiales en Allemagne pour les accompagner de mani\u00e8re efficace dans toutes les probl\u00e9matiques fiscales, comptables et de gestion des ressources humaines rencontr\u00e9es outre-Rhin. Outre les missions classiques de la comptabilit\u00e9 et l\u2019\u00e9tablissement du bilan, EPP TAX prend \u00e9galement en charge pour ses clients francophones leurs d\u00e9clarations fiscales, le conseil concernant les probl\u00e9matiques internationales ainsi que de la gestion des ressources humaines et de la paie sur le territoire allemand. L\u2019\u00e9quipe bilingue et biculturelle est \u00e0 votre service pour r\u00e9pondre \u00e0 vos questions. Plus d&#039;informations sur: https:\/\/www.expertisecomptable.de\/ Auf Wiedersehen et \u00e0 bient\u00f4t!\"><\/div><\/div><div class=\"lL\" style=\"max-width:100%;width:1280px;margin:5px;\"><\/div><figcaption><\/figcaption><\/figure>\n\n\n<div style=\"height:20px\" aria-hidden=\"true\" class=\"wp-block-spacer\"><\/div>\n\n\n<div class=\"boimg-circle-rechtsgebiete-team-kontakt boimg-left-space\">\n<div class=\"boimg-circle_img1\"><a href=\"https:\/\/rechtsanwalt.fr\/fr\/equipe\/ulrich-martin\/\"><img decoding=\"async\" src=\"https:\/\/rechtsanwalt.fr\/wp-content\/uploads\/2020\/04\/ulrich_martin_webportrait_epp.jpg\"><\/a><\/div>\n<div class=\"botext-circle\"><a href=\"https:\/\/rechtsanwalt.fr\/fr\/equipe\/ulrich-martin\/\">Ulrich Martin <sup>DEA \/ DESE<\/sup><\/a><\/div>\n<div class=\"botext-circle-sub\">Rechtsanwalt<\/div>\n<div class=\"botext-circle-sub\"><a onclick=\"return gtag_report_conversion('mailto:martin@rechtsanwalt.fr');\" href=\"mailto:martin@rechtsanwalt.fr\">martin@rechtsanwalt.fr<\/a><\/div>\n<div class=\"botext-circle-sub-tel\"><a href=\"tel:0033388456545\">+33 (0) 3 88 45 65 45<\/a><\/div>\n<\/div>\n<div style=\"height:40px\" class=\"wp-block-spacer\"><\/div>\n\n\n\n<div style=\"height:100px\" aria-hidden=\"true\" class=\"wp-block-spacer\"><\/div>\n","protected":false},"excerpt":{"rendered":"<p>Les fondamentaux en droit allemand<\/p>\n","protected":false},"author":3,"featured_media":0,"comment_status":"closed","ping_status":"open","sticky":false,"template":"","format":"standard","meta":{"inline_featured_image":false,"footnotes":""},"categories":[145],"tags":[],"class_list":["post-12602","post","type-post","status-publish","format-standard","hentry","category-videos-fr"],"_links":{"self":[{"href":"https:\/\/rechtsanwalt.fr\/fr\/wp-json\/wp\/v2\/posts\/12602","targetHints":{"allow":["GET"]}}],"collection":[{"href":"https:\/\/rechtsanwalt.fr\/fr\/wp-json\/wp\/v2\/posts"}],"about":[{"href":"https:\/\/rechtsanwalt.fr\/fr\/wp-json\/wp\/v2\/types\/post"}],"author":[{"embeddable":true,"href":"https:\/\/rechtsanwalt.fr\/fr\/wp-json\/wp\/v2\/users\/3"}],"replies":[{"embeddable":true,"href":"https:\/\/rechtsanwalt.fr\/fr\/wp-json\/wp\/v2\/comments?post=12602"}],"version-history":[{"count":0,"href":"https:\/\/rechtsanwalt.fr\/fr\/wp-json\/wp\/v2\/posts\/12602\/revisions"}],"wp:attachment":[{"href":"https:\/\/rechtsanwalt.fr\/fr\/wp-json\/wp\/v2\/media?parent=12602"}],"wp:term":[{"taxonomy":"category","embeddable":true,"href":"https:\/\/rechtsanwalt.fr\/fr\/wp-json\/wp\/v2\/categories?post=12602"},{"taxonomy":"post_tag","embeddable":true,"href":"https:\/\/rechtsanwalt.fr\/fr\/wp-json\/wp\/v2\/tags?post=12602"}],"curies":[{"name":"wp","href":"https:\/\/api.w.org\/{rel}","templated":true}]}}