{"id":14158,"date":"2016-02-08T10:56:00","date_gmt":"2016-02-08T09:56:00","guid":{"rendered":"https:\/\/rechtsanwalt.fr\/?p=14158"},"modified":"2021-04-06T16:21:40","modified_gmt":"2021-04-06T14:21:40","slug":"le-commerce-electronique-en-allemagne-lengagement-dactions-collectives-en-cas-datteinte-a-la-protection-des-donnees-personnelles","status":"publish","type":"post","link":"https:\/\/rechtsanwalt.fr\/fr\/le-commerce-electronique-en-allemagne-lengagement-dactions-collectives-en-cas-datteinte-a-la-protection-des-donnees-personnelles\/","title":{"rendered":"Le commerce \u00e9lectronique en Allemagne : L\u2019engagement d\u2019actions collectives en cas d\u2019atteinte \u00e0 la protection des donn\u00e9es personnelles"},"content":{"rendered":"<div class=\"boimg-circle-rechtsgebiete-team-kontakt boimg-left-space\">\n<div class=\"boimg-circle_img1\"><a href=\"https:\/\/rechtsanwalt.fr\/fr\/equipe\/joerg-luft\/\"><img decoding=\"async\" src=\"https:\/\/rechtsanwalt.fr\/wp-content\/uploads\/2020\/04\/joerg_luft_webportrait_epp.jpg\"><\/a><\/div>\n<div class=\"botext-circle\"><a href=\"https:\/\/rechtsanwalt.fr\/fr\/equipe\/joerg-luft\/\">J\u00f6rg Luft<\/a><\/div>\n<div class=\"botext-circle-sub\">Rechtsanwalt<\/div>\n<div class=\"botext-circle-sub\"><a onclick=\"return gtag_report_conversion('mailto:luft@rechtsanwalt.fr');\" href=\"mailto:luft@rechtsanwalt.fr\">luft@rechtsanwalt.fr<\/a><\/div>\n<div class=\"botext-circle-sub-tel\"><a href=\"tel:00497221302370\">+49 (0) 7221 30 23 70<\/a><\/div>\n<\/div>\n<div class=\"boimg-circle-rechtsgebiete-team-kontakt\">\n<div class=\"boimg-circle_img1\"><a href=\"https:\/\/rechtsanwalt.fr\/fr\/equipe\/ulrich-martin\/\"><img decoding=\"async\" src=\"https:\/\/rechtsanwalt.fr\/wp-content\/uploads\/2020\/04\/ulrich_martin_webportrait_epp.jpg\"><\/a><\/div>\n<div class=\"botext-circle\"><a href=\"https:\/\/rechtsanwalt.fr\/fr\/equipe\/ulrich-martin\/\">Ulrich Martin <sup>DEA \/ DESE<\/sup><\/a><\/div>\n<div class=\"botext-circle-sub\">Rechtsanwalt<\/div>\n<div class=\"botext-circle-sub\"><a onclick=\"return gtag_report_conversion('mailto:martin@rechtsanwalt.fr');\" href=\"mailto:martin@rechtsanwalt.fr\">martin@rechtsanwalt.fr<\/a><\/div>\n<div class=\"botext-circle-sub-tel\"><a href=\"tel:0033388456545\">+33 (0) 3 88 45 65 45<\/a><\/div>\n<\/div>\n<div style=\"height:40px\" class=\"wp-block-spacer\"><\/div>\n\n\n\n<p><strong>Jusqu\u2019\u00e0 pr\u00e9sent, il \u00e9tait relativement difficile en Allemagne de poursuivre en justice une entreprise de commerce \u00e9lectronique pour violation de la confidentialit\u00e9 des donn\u00e9es personnelles et pour avoir collect\u00e9 des donn\u00e9es personnelles sans le consentement pr\u00e9alable du consommateur. Une r\u00e9forme, entr\u00e9e en vigueur en d\u00e9cembre 2015, autorise d\u00e9sormais les associations de consommateurs \u00e0 agir dans de tels cas. En outre, les contrats conclus en ligne peuvent d\u00e9sormais \u00eatre rompus en ligne.&nbsp;&nbsp;<\/strong><\/p>\n\n\n\n<p>Par le pass\u00e9, les associations de consommateurs disposaient d\u2019un droit d\u2019action restreint et pouvaient seulement agir contre une entreprise par exemple lorsque ses conditions g\u00e9n\u00e9rales de vente \u00e9taient illicites.&nbsp;<\/p>\n\n\n\n<p>D\u00e9sormais, les associations de consommateurs pourront agir en justice \u00e0 la place du consommateur concern\u00e9 d\u00e8s lors que l\u2019entreprise a collect\u00e9 des donn\u00e9es personnelles le concernant, sans son accord explicite ou en cas de consentement invalide.&nbsp;<\/p>\n\n\n\n<p>Afin d\u2019\u00e9viter tout abus suite \u00e0 l\u2019extension du droit d\u2019assignation et des plaintes en s\u00e9rie, les associations et autres institutions similaires souhaitant recourir \u00e0 cette option doivent se faire enregistrer sur une liste tenue par le minist\u00e8re allemand de la justice r\u00e9pertoriant les organismes qualifi\u00e9s et exposer leur pratique en mati\u00e8re de mise en demeure.&nbsp;<\/p>\n\n\n\n<div style=\"height:100px\" aria-hidden=\"true\" class=\"wp-block-spacer\"><\/div>\n","protected":false},"excerpt":{"rendered":"<p>Jusqu\u2019\u00e0 pr\u00e9sent, il \u00e9tait relativement difficile en Allemagne de poursuivre en justice une entreprise de commerce \u00e9lectronique pour violation de la confidentialit\u00e9 des donn\u00e9es personnelles et pour avoir collect\u00e9 des donn\u00e9es personnelles sans le consentement pr\u00e9alable du consommateur. Une r\u00e9forme, entr\u00e9e en vigueur en d\u00e9cembre 2015, autorise d\u00e9sormais les associations de consommateurs \u00e0 agir dans [&hellip;]<\/p>\n","protected":false},"author":3,"featured_media":0,"comment_status":"closed","ping_status":"open","sticky":false,"template":"","format":"standard","meta":{"inline_featured_image":false,"footnotes":""},"categories":[152],"tags":[],"class_list":["post-14158","post","type-post","status-publish","format-standard","hentry","category-archive-2016-fr-droit-des-contrats"],"_links":{"self":[{"href":"https:\/\/rechtsanwalt.fr\/fr\/wp-json\/wp\/v2\/posts\/14158","targetHints":{"allow":["GET"]}}],"collection":[{"href":"https:\/\/rechtsanwalt.fr\/fr\/wp-json\/wp\/v2\/posts"}],"about":[{"href":"https:\/\/rechtsanwalt.fr\/fr\/wp-json\/wp\/v2\/types\/post"}],"author":[{"embeddable":true,"href":"https:\/\/rechtsanwalt.fr\/fr\/wp-json\/wp\/v2\/users\/3"}],"replies":[{"embeddable":true,"href":"https:\/\/rechtsanwalt.fr\/fr\/wp-json\/wp\/v2\/comments?post=14158"}],"version-history":[{"count":0,"href":"https:\/\/rechtsanwalt.fr\/fr\/wp-json\/wp\/v2\/posts\/14158\/revisions"}],"wp:attachment":[{"href":"https:\/\/rechtsanwalt.fr\/fr\/wp-json\/wp\/v2\/media?parent=14158"}],"wp:term":[{"taxonomy":"category","embeddable":true,"href":"https:\/\/rechtsanwalt.fr\/fr\/wp-json\/wp\/v2\/categories?post=14158"},{"taxonomy":"post_tag","embeddable":true,"href":"https:\/\/rechtsanwalt.fr\/fr\/wp-json\/wp\/v2\/tags?post=14158"}],"curies":[{"name":"wp","href":"https:\/\/api.w.org\/{rel}","templated":true}]}}