{"id":14210,"date":"2016-07-25T10:57:00","date_gmt":"2016-07-25T08:57:00","guid":{"rendered":"https:\/\/rechtsanwalt.fr\/?p=14210"},"modified":"2021-04-06T16:59:50","modified_gmt":"2021-04-06T14:59:50","slug":"entreprises-en-allemagne-incitation-aux-entreprises-a-adherer-a-une-convention-collective","status":"publish","type":"post","link":"https:\/\/rechtsanwalt.fr\/fr\/entreprises-en-allemagne-incitation-aux-entreprises-a-adherer-a-une-convention-collective\/","title":{"rendered":"Entreprises en Allemagne : Incitation aux entreprises \u00e0 adh\u00e9rer \u00e0 une convention collective"},"content":{"rendered":"<div class=\"boimg-circle-rechtsgebiete-team-kontakt boimg-left-space\">\n<div class=\"boimg-circle_img1\"><a href=\"https:\/\/rechtsanwalt.fr\/fr\/equipe\/ulrich-martin\/\"><img decoding=\"async\" src=\"https:\/\/rechtsanwalt.fr\/wp-content\/uploads\/2020\/04\/ulrich_martin_webportrait_epp.jpg\"><\/a><\/div>\n<div class=\"botext-circle\"><a href=\"https:\/\/rechtsanwalt.fr\/fr\/equipe\/ulrich-martin\/\">Ulrich Martin <sup>DEA \/ DESE<\/sup><\/a><\/div>\n<div class=\"botext-circle-sub\">Rechtsanwalt<\/div>\n<div class=\"botext-circle-sub\"><a onclick=\"return gtag_report_conversion('mailto:martin@rechtsanwalt.fr');\" href=\"mailto:martin@rechtsanwalt.fr\">martin@rechtsanwalt.fr<\/a><\/div>\n<div class=\"botext-circle-sub-tel\"><a href=\"tel:0033388456545\">+33 (0) 3 88 45 65 45<\/a><\/div>\n<\/div>\n<div class=\"boimg-circle-rechtsgebiete-team-kontakt\">\n<div class=\"boimg-circle_img1\"><a href=\"https:\/\/rechtsanwalt.fr\/fr\/equipe\/joerg-luft\/\"><img decoding=\"async\" src=\"https:\/\/rechtsanwalt.fr\/wp-content\/uploads\/2020\/04\/joerg_luft_webportrait_epp.jpg\"><\/a><\/div>\n<div class=\"botext-circle\"><a href=\"https:\/\/rechtsanwalt.fr\/fr\/equipe\/joerg-luft\/\">J\u00f6rg Luft<\/a><\/div>\n<div class=\"botext-circle-sub\">Rechtsanwalt<\/div>\n<div class=\"botext-circle-sub\"><a onclick=\"return gtag_report_conversion('mailto:luft@rechtsanwalt.fr');\" href=\"mailto:luft@rechtsanwalt.fr\">luft@rechtsanwalt.fr<\/a><\/div>\n<div class=\"botext-circle-sub-tel\"><a href=\"tel:00497221302370\">+49 (0) 7221 30 23 70<\/a><\/div>\n<\/div>\n<div style=\"height:40px\" class=\"wp-block-spacer\"><\/div>\n\n\n\n<p><strong>Compar\u00e9e \u00e0 la France, l\u2019Allemagne compte traditionnellement moins d\u2019entreprises li\u00e9es par une convention collective. Depuis quelques ann\u00e9es, ce nombre est m\u00eame en constante diminution. A l\u2019heure actuelle, ce ne sont plus que la moiti\u00e9 des entreprises qui sont soumises \u00e0 des accords collectifs. Le gouvernement allemand entend stopper cette tendance.&nbsp;<\/strong><\/p>\n\n\n\n<p>Le gouvernement f\u00e9d\u00e9ral allemand, qui organise r\u00e9guli\u00e8rement des tables rondes avec les partenaires sociaux, envisage de renforcer \u00e0 nouveau le r\u00f4le des conventions collectives, allant ainsi \u00e0 l\u2019encontre de la tendance g\u00e9n\u00e9rale constat\u00e9e dans l\u2019\u00e9conomie. Ainsi, le gouvernement pr\u00e9voit de r\u00e9gir les contrats de travail int\u00e9rimaire et les contrats d\u2019entreprise de telle mani\u00e8re que des entreprises appliquant une convention collective b\u00e9n\u00e9ficient d\u2019une plus grande flexibilit\u00e9 que celles non soumises \u00e0 des accords collectifs.&nbsp;<\/p>\n\n\n\n<p>Le minist\u00e8re f\u00e9d\u00e9ral du travail entend ainsi assouplir les dispositions l\u00e9gales applicables en mati\u00e8re de dur\u00e9e du travail \u00e0 la condition qu\u2019un nombre croissant d\u2019entreprises se soumette \u00e0 une convention collective. Le cadre juridique en mati\u00e8re de dur\u00e9e du travail pourrait donc \u00eatre quelque peu \u00e9largi d\u00e8s lors que la flexibilit\u00e9 n\u00e9goci\u00e9e conduit au fait qu\u2019une convention collective et\/ou un accord d\u2019entreprise soit applicable au sein de l\u2019entreprise.&nbsp;<\/p>\n\n\n\n<div style=\"height:100px\" aria-hidden=\"true\" class=\"wp-block-spacer\"><\/div>\n\n\n\n<p><\/p>\n","protected":false},"excerpt":{"rendered":"<p>Compar\u00e9e \u00e0 la France, l\u2019Allemagne compte traditionnellement moins d\u2019entreprises li\u00e9es par une convention collective. Depuis quelques ann\u00e9es, ce nombre est m\u00eame en constante diminution. A l\u2019heure actuelle, ce ne sont plus que la moiti\u00e9 des entreprises qui sont soumises \u00e0 des accords collectifs. Le gouvernement allemand entend stopper cette tendance.&nbsp; Le gouvernement f\u00e9d\u00e9ral allemand, qui [&hellip;]<\/p>\n","protected":false},"author":3,"featured_media":0,"comment_status":"closed","ping_status":"open","sticky":false,"template":"","format":"standard","meta":{"inline_featured_image":false,"footnotes":""},"categories":[151],"tags":[],"class_list":["post-14210","post","type-post","status-publish","format-standard","hentry","category-archive-2016-fr-droit-social"],"_links":{"self":[{"href":"https:\/\/rechtsanwalt.fr\/fr\/wp-json\/wp\/v2\/posts\/14210","targetHints":{"allow":["GET"]}}],"collection":[{"href":"https:\/\/rechtsanwalt.fr\/fr\/wp-json\/wp\/v2\/posts"}],"about":[{"href":"https:\/\/rechtsanwalt.fr\/fr\/wp-json\/wp\/v2\/types\/post"}],"author":[{"embeddable":true,"href":"https:\/\/rechtsanwalt.fr\/fr\/wp-json\/wp\/v2\/users\/3"}],"replies":[{"embeddable":true,"href":"https:\/\/rechtsanwalt.fr\/fr\/wp-json\/wp\/v2\/comments?post=14210"}],"version-history":[{"count":0,"href":"https:\/\/rechtsanwalt.fr\/fr\/wp-json\/wp\/v2\/posts\/14210\/revisions"}],"wp:attachment":[{"href":"https:\/\/rechtsanwalt.fr\/fr\/wp-json\/wp\/v2\/media?parent=14210"}],"wp:term":[{"taxonomy":"category","embeddable":true,"href":"https:\/\/rechtsanwalt.fr\/fr\/wp-json\/wp\/v2\/categories?post=14210"},{"taxonomy":"post_tag","embeddable":true,"href":"https:\/\/rechtsanwalt.fr\/fr\/wp-json\/wp\/v2\/tags?post=14210"}],"curies":[{"name":"wp","href":"https:\/\/api.w.org\/{rel}","templated":true}]}}