{"id":15034,"date":"2015-06-23T10:30:00","date_gmt":"2015-06-23T08:30:00","guid":{"rendered":"https:\/\/rechtsanwalt.fr\/?p=15034"},"modified":"2021-04-06T10:50:25","modified_gmt":"2021-04-06T08:50:25","slug":"entreprise-en-allemagne-renforcement-de-la-protection-des-donnees-des-consommateurs-par-lintroduction-dactions-collectives-par-les-associations-de-consommateurs","status":"publish","type":"post","link":"https:\/\/rechtsanwalt.fr\/fr\/entreprise-en-allemagne-renforcement-de-la-protection-des-donnees-des-consommateurs-par-lintroduction-dactions-collectives-par-les-associations-de-consommateurs\/","title":{"rendered":"Entreprise en Allemagne : Renforcement de la protection des donn\u00e9es des consommateurs par l\u2019introduction d\u2019actions collectives par les associations de consommateurs"},"content":{"rendered":"<div class=\"boimg-circle-rechtsgebiete-team-kontakt boimg-left-space\">\n<div class=\"boimg-circle_img1\"><a href=\"https:\/\/rechtsanwalt.fr\/fr\/equipe\/ulrich-martin\/\"><img decoding=\"async\" src=\"https:\/\/rechtsanwalt.fr\/wp-content\/uploads\/2020\/04\/ulrich_martin_webportrait_epp.jpg\"><\/a><\/div>\n<div class=\"botext-circle\"><a href=\"https:\/\/rechtsanwalt.fr\/fr\/equipe\/ulrich-martin\/\">Ulrich Martin <sup>DEA \/ DESE<\/sup><\/a><\/div>\n<div class=\"botext-circle-sub\">Rechtsanwalt<\/div>\n<div class=\"botext-circle-sub\"><a onclick=\"return gtag_report_conversion('mailto:martin@rechtsanwalt.fr');\" href=\"mailto:martin@rechtsanwalt.fr\">martin@rechtsanwalt.fr<\/a><\/div>\n<div class=\"botext-circle-sub-tel\"><a href=\"tel:0033388456545\">+33 (0) 3 88 45 65 45<\/a><\/div>\n<\/div>\n<div style=\"height:40px\" class=\"wp-block-spacer\"><\/div>\n\n\n\n<p><strong>En Allemagne, les associations de consommateurs vont d\u00e9sormais pouvoir adresser des mises en demeure et assigner en justice les entreprises agissant en violation des r\u00e8gles applicables en mati\u00e8re de protection des donn\u00e9es personnelles ou faisant une utilisation abusive des donn\u00e9es personnelles des consommateurs. Le gouvernement allemand a vot\u00e9 en ce sens un projet de loi visant \u00e0 \u00e9largir le droit d\u2019action collective des associations.&nbsp;<\/strong><\/p>\n\n\n\n<p>Le gouvernement f\u00e9d\u00e9ral souhaite renforcer la protection des donn\u00e9es personnelles gr\u00e2ce \u00e0 des moyens de d\u00e9fense de droit civil. Ainsi, il a adopt\u00e9 un projet de loi \u00ab visant \u00e0 am\u00e9liorer les moyens civils de faire respecter la r\u00e9glementation en mati\u00e8re de protection des donn\u00e9es personnelles des consommateurs \u00bb.&nbsp;<\/p>\n\n\n\n<p>Gr\u00e2ce \u00e0 cette r\u00e9forme, les associations de consommateurs pourront d\u00e9sormais adresser des mises en demeure et intenter une action en cessation d\u2019un trouble \u00e0 l\u2019encontre de toute entreprise qui, dans le cadre&nbsp;<\/p>\n\n\n\n<ul class=\"wp-block-list\"><li>de campagnes publicitaires,\u00a0<\/li><li>du commerce d\u2019adresses,\u00a0<\/li><li>de l\u2019\u00e9laboration de profils de personnalit\u00e9, p.ex. au titre du <em>scoring <\/em>pour la v\u00e9rification de la solvabilit\u00e9,\u00a0<\/li><\/ul>\n\n\n\n<p>viole les lois relatives \u00e0 la protection des donn\u00e9es personnelles visant \u00e0 pr\u00e9server la sph\u00e8re priv\u00e9e. Jusqu\u2019\u00e0 pr\u00e9sent, en effet, les associations de consommateurs allemandes ne pouvaient pas intenter d\u2019action collective dans ce domaine.&nbsp;<\/p>\n\n\n\n<p>Outre les associations de consommateurs, les chambres des m\u00e9tiers ainsi que les chambres de commerce et d\u2019industrie seront \u00e9galement autoris\u00e9es \u00e0 engager des actions collectives.&nbsp;<\/p>\n\n\n\n<p><strong>Faciliter la r\u00e9siliation de contrats en simplifiant les r\u00e8gles formelles&nbsp;<\/strong><\/p>\n\n\n\n<p>Ce projet de loi pr\u00e9voit en outre une refonte des exigences formelles pr\u00e9vues dans les conditions g\u00e9n\u00e9rales de vente et les formulaires contractuels. A titre d\u2019exemple, pour une r\u00e9siliation \u00e0 l\u2019initiative du consommateur, il peut d\u00e9sormais \u00eatre exclusivement convenu, \u00e0 la place de la forme \u00e9crite, la forme textuelle la plus simple. Le but \u00e9tant par l\u00e0 de signaler clairement que des contrats pourront \u00e9galement \u00eatre r\u00e9sili\u00e9s par simple courrier \u00e9lectronique et qu\u2019il n\u2019est pas n\u00e9cessaire d\u2019adresser un fax ou un courrier sign\u00e9.&nbsp;<\/p>\n\n\n\n<div style=\"height:100px\" aria-hidden=\"true\" class=\"wp-block-spacer\"><\/div>\n\n\n\n<p><\/p>\n","protected":false},"excerpt":{"rendered":"<p>En Allemagne, les associations de consommateurs vont d\u00e9sormais pouvoir adresser des mises en demeure et assigner en justice les entreprises agissant en violation des r\u00e8gles applicables en mati\u00e8re de protection des donn\u00e9es personnelles ou faisant une utilisation abusive des donn\u00e9es personnelles des consommateurs. Le gouvernement allemand a vot\u00e9 en ce sens un projet de loi [&hellip;]<\/p>\n","protected":false},"author":3,"featured_media":0,"comment_status":"closed","ping_status":"open","sticky":false,"template":"","format":"standard","meta":{"inline_featured_image":false,"footnotes":""},"categories":[166],"tags":[],"class_list":["post-15034","post","type-post","status-publish","format-standard","hentry","category-archive-2015-fr-droit-des-contrats"],"_links":{"self":[{"href":"https:\/\/rechtsanwalt.fr\/fr\/wp-json\/wp\/v2\/posts\/15034","targetHints":{"allow":["GET"]}}],"collection":[{"href":"https:\/\/rechtsanwalt.fr\/fr\/wp-json\/wp\/v2\/posts"}],"about":[{"href":"https:\/\/rechtsanwalt.fr\/fr\/wp-json\/wp\/v2\/types\/post"}],"author":[{"embeddable":true,"href":"https:\/\/rechtsanwalt.fr\/fr\/wp-json\/wp\/v2\/users\/3"}],"replies":[{"embeddable":true,"href":"https:\/\/rechtsanwalt.fr\/fr\/wp-json\/wp\/v2\/comments?post=15034"}],"version-history":[{"count":0,"href":"https:\/\/rechtsanwalt.fr\/fr\/wp-json\/wp\/v2\/posts\/15034\/revisions"}],"wp:attachment":[{"href":"https:\/\/rechtsanwalt.fr\/fr\/wp-json\/wp\/v2\/media?parent=15034"}],"wp:term":[{"taxonomy":"category","embeddable":true,"href":"https:\/\/rechtsanwalt.fr\/fr\/wp-json\/wp\/v2\/categories?post=15034"},{"taxonomy":"post_tag","embeddable":true,"href":"https:\/\/rechtsanwalt.fr\/fr\/wp-json\/wp\/v2\/tags?post=15034"}],"curies":[{"name":"wp","href":"https:\/\/api.w.org\/{rel}","templated":true}]}}