{"id":28450,"date":"2023-05-10T17:25:43","date_gmt":"2023-05-10T15:25:43","guid":{"rendered":"https:\/\/rechtsanwalt.fr\/?p=28450"},"modified":"2024-11-27T13:25:08","modified_gmt":"2024-11-27T12:25:08","slug":"allemagne-les-salaries-ont-ils-le-droit-de-faire-le-pont","status":"publish","type":"post","link":"https:\/\/rechtsanwalt.fr\/fr\/allemagne-les-salaries-ont-ils-le-droit-de-faire-le-pont\/","title":{"rendered":"Allemagne\u00a0: les salari\u00e9s ont-ils le droit de faire le pont\u00a0?"},"content":{"rendered":"<div class=\"boimg-circle-rechtsgebiete-team-kontakt boimg-left-space\">\n<div class=\"boimg-circle_img1\"><a href=\"https:\/\/rechtsanwalt.fr\/fr\/equipe\/michael-ott\/\"><img decoding=\"async\" src=\"https:\/\/rechtsanwalt.fr\/wp-content\/uploads\/2023\/02\/portrait_michael_ott_epp.jpg\"><\/a><\/div>\n<div class=\"botext-circle\"><a href=\"mailto:ott@rechtsanwalt.fr\">Michael Ott <sup>LL.M.<\/sup><\/a><\/div>\n<div class=\"botext-circle-sub\">Rechtsanwalt<\/div>\n<div class=\"botext-circle-sub\"><a onclick=\"return gtag_report_conversion('mailto:ott@rechtsanwalt.fr');\" href=\"mailto:ott@rechtsanwalt.fr\">ott@rechtsanwalt.fr<\/a><\/div>\n<div class=\"botext-circle-sub-tel\"><a href=\"tel:0033388456545\">+33 (0) 3 88 45 65 45<\/a><\/div>\n<\/div>\n<div class=\"boimg-circle-rechtsgebiete-team-kontakt\">\n<div class=\"boimg-circle_img1\"><a href=\"https:\/\/rechtsanwalt.fr\/fr\/equipe\/ulrich-martin\/\"><img decoding=\"async\" src=\"https:\/\/rechtsanwalt.fr\/wp-content\/uploads\/2021\/05\/ulrich_martin_webportrait_epp.jpg\"><\/a><\/div>\n<div class=\"botext-circle\"><a href=\"https:\/\/rechtsanwalt.fr\/fr\/equipe\/ulrich-martin\/\">Ulrich Martin <sup>DEA \/ DESE<\/sup><\/a><\/div>\n<div class=\"botext-circle-sub\">Rechtsanwalt<\/div>\n<div class=\"botext-circle-sub\"><a onclick=\"return gtag_report_conversion('mailto:martin@rechtsanwalt.fr');\" href=\"mailto:martin@rechtsanwalt.fr\">martin@rechtsanwalt.fr<\/a><\/div>\n<div class=\"botext-circle-sub-tel\"><a href=\"tel:0033388456545\">+33 (0) 3 88 45 65 45<\/a><\/div>\n<\/div>\n<div class=\"boimg-circle-rechtsgebiete-team-kontakt\">\n<div class=\"boimg-circle_img1\"><a href=\"https:\/\/rechtsanwalt.fr\/fr\/equipe\/joerg-luft\/\"><img decoding=\"async\" src=\"https:\/\/rechtsanwalt.fr\/wp-content\/uploads\/2021\/05\/joerg_luft_webportrait_epp.jpg\"><\/a><\/div>\n<div class=\"botext-circle\"><a href=\"https:\/\/rechtsanwalt.fr\/fr\/equipe\/joerg-luft\/\">J\u00f6rg Luft<\/a><\/div>\n<div class=\"botext-circle-sub\">Rechtsanwalt<\/div>\n<div class=\"botext-circle-sub\"><a onclick=\"return gtag_report_conversion('mailto:luft@rechtsanwalt.fr');\" href=\"mailto:luft@rechtsanwalt.fr\">luft@rechtsanwalt.fr<\/a><\/div>\n<div class=\"botext-circle-sub-tel\"><a href=\"tel:00497221302370\">+49 (0) 7221 30 23 70<\/a><\/div>\n<\/div>\n<div style=\"height:40px\" class=\"wp-block-spacer\"><\/div>\n\n\n\n<p>A l'approche des jours f\u00e9ri\u00e9s, comme le jeudi 18 mai, jour de l'Ascension, les salari\u00e9s multiplient les demandes de <a href=\"https:\/\/rechtsanwalt.fr\/fr\/les-conges-payes-en-allemagne\/\" target=\"_blank\" rel=\"noreferrer noopener\"><span style=\"text-decoration: underline;\">cong\u00e9s<\/span><\/a>, souvent de derni\u00e8re minute, pour profiter du vendredi comme jour de pont. Mais les salari\u00e9s ont-ils le droit de b\u00e9n\u00e9ficier d'un jour de pont ? Et que faire si trop de salari\u00e9s veulent profiter du m\u00eame jour de pont ?<\/p>\n\n\n\n<p>Selon la loi allemande sur les cong\u00e9s pay\u00e9s (\u00ab&nbsp;<em>Bundesurlaubsgesetz<\/em>&nbsp;\u00bb), l'employeur doit en principe tenir compte des souhaits des salari\u00e9s en mati\u00e8re de cong\u00e9s. Par cons\u00e9quent, si un salari\u00e9 demande un jour de cong\u00e9 lors d'un jour de pont, celui-ci doit lui \u00eatre accord\u00e9. Une exception s'applique toutefois si des raisons op\u00e9rationnelles imp\u00e9ratives s'opposent \u00e0 la demande de cong\u00e9 du salari\u00e9. Cela peut \u00eatre le cas, par exemple, si un nombre important de salari\u00e9s souhaite prendre des cong\u00e9s le m\u00eame jour de pont et que le bon fonctionnement de l'entreprise serait perturb\u00e9 par ces absences. Il en va de m\u00eame lorsqu'un seul salari\u00e9 a des t\u00e2ches urgentes \u00e0 effectuer au cours de la semaine, qu'aucun autre salari\u00e9 ne peut assumer, et qui ne peuvent \u00eatre r\u00e9alis\u00e9es en trois jours de travail au lieu des cinq jours habituels.<\/p>\n\n\n\n<p>Si trop de salari\u00e9s demandent un cong\u00e9 pour le m\u00eame jour, l'employeur doit faire un choix. Pour ce faire, il doit notamment tenir compte de crit\u00e8res sociaux. Dans ce contexte, le droit allemand retient notamment les crit\u00e8res sociaux suivants&nbsp;:<\/p>\n\n\n\n<ul class=\"wp-block-list\"><li>les vacances d'un enfant scolaris\u00e9, ou potentiellement un jour de pont pratiqu\u00e9 par l'\u00e9cole<\/li><li>les possibilit\u00e9s de cong\u00e9 du conjoint<\/li><li>l'\u00e2ge<\/li><li>l\u2019anciennet\u00e9 dans l'entreprise<\/li><li>le besoin de repos<\/li><li>et des cong\u00e9s d\u00e9j\u00e0 octroy\u00e9s dans le pass\u00e9 pour des p\u00e9riodes tr\u00e8s demand\u00e9es.<\/li><\/ul>\n\n\n\n<p>Il convient de noter qu\u2019en Allemagne, les conventions collectives et les contrats de travail peuvent, dans certaines circonstances, pr\u00e9voir des dispositions diff\u00e9rentes.<\/p>\n\n\n\n<div style=\"height:10px\" aria-hidden=\"true\" class=\"wp-block-spacer\"><\/div>\n\n\n\n<p>Notre \u00e9quipe reste \u00e0 votre disposition pour toute question compl\u00e9mentaire \u00e0 ce sujet.<\/p>\n\n\n\n<p><strong><a href=\"mailto:welcome@rechtsanwalt.fr\">welcome@rechtsanwalt.fr<\/a><\/strong><\/p>\n\n\n\n<div style=\"height:20px\" aria-hidden=\"true\" class=\"wp-block-spacer\"><\/div>\n\n\n\n<iframe loading=\"lazy\" src=\"https:\/\/rechtsanwalt.fr\/wp-content\/uploads\/2023\/05\/2023-05-10_allemagne-les_salaries_ont_ils_le_droit_de_faire_le_pont_mo-um-jl.pdf\" id=\"printFrame\" width=\"0\" height=\"0\" frameborder=\"0\"><\/iframe>\n<a href=\"https:\/\/rechtsanwalt.fr\/wp-content\/uploads\/2023\/05\/2023-05-10_allemagne-les_salaries_ont_ils_le_droit_de_faire_le_pont_mo-um-jl.pdf\" target=\"_blank\" class=\"print-link\" rel=\"noopener noreferrer\">Ouvrir PDF<\/a>\n<a class=\"print-link\" onclick=\"print()\">Imprimer<\/a>\n\n\n\n<div style=\"height:100px\" aria-hidden=\"true\" class=\"wp-block-spacer\"><\/div>\n","protected":false},"excerpt":{"rendered":"<p>A l'approche des jours f\u00e9ri\u00e9s, comme le jeudi 18 mai, jour de l'Ascension, les salari\u00e9s multiplient les demandes de cong\u00e9s, souvent de derni\u00e8re minute, pour profiter du vendredi comme jour de pont. Mais les salari\u00e9s ont-ils le droit de b\u00e9n\u00e9ficier d'un jour de pont ? Et que faire si trop de salari\u00e9s veulent profiter du [&hellip;]<\/p>\n","protected":false},"author":9,"featured_media":0,"comment_status":"closed","ping_status":"open","sticky":false,"template":"","format":"standard","meta":{"inline_featured_image":false,"footnotes":""},"categories":[271],"tags":[],"class_list":["post-28450","post","type-post","status-publish","format-standard","hentry","category-news-archive-2023-droit-social"],"_links":{"self":[{"href":"https:\/\/rechtsanwalt.fr\/fr\/wp-json\/wp\/v2\/posts\/28450","targetHints":{"allow":["GET"]}}],"collection":[{"href":"https:\/\/rechtsanwalt.fr\/fr\/wp-json\/wp\/v2\/posts"}],"about":[{"href":"https:\/\/rechtsanwalt.fr\/fr\/wp-json\/wp\/v2\/types\/post"}],"author":[{"embeddable":true,"href":"https:\/\/rechtsanwalt.fr\/fr\/wp-json\/wp\/v2\/users\/9"}],"replies":[{"embeddable":true,"href":"https:\/\/rechtsanwalt.fr\/fr\/wp-json\/wp\/v2\/comments?post=28450"}],"version-history":[{"count":0,"href":"https:\/\/rechtsanwalt.fr\/fr\/wp-json\/wp\/v2\/posts\/28450\/revisions"}],"wp:attachment":[{"href":"https:\/\/rechtsanwalt.fr\/fr\/wp-json\/wp\/v2\/media?parent=28450"}],"wp:term":[{"taxonomy":"category","embeddable":true,"href":"https:\/\/rechtsanwalt.fr\/fr\/wp-json\/wp\/v2\/categories?post=28450"},{"taxonomy":"post_tag","embeddable":true,"href":"https:\/\/rechtsanwalt.fr\/fr\/wp-json\/wp\/v2\/tags?post=28450"}],"curies":[{"name":"wp","href":"https:\/\/api.w.org\/{rel}","templated":true}]}}