{"id":32243,"date":"2024-02-23T21:23:59","date_gmt":"2024-02-23T20:23:59","guid":{"rendered":"https:\/\/rechtsanwalt.fr\/?p=32243"},"modified":"2024-03-11T19:40:01","modified_gmt":"2024-03-11T18:40:01","slug":"bande-annonce-tournage-forbes-business-inside","status":"publish","type":"post","link":"https:\/\/rechtsanwalt.fr\/fr\/bande-annonce-tournage-forbes-business-inside\/","title":{"rendered":"Bande-annonce! Tournage Forbes - Business Inside"},"content":{"rendered":"\n<p>Entretien avec le fondateur de notre cabinet - Emil Epp<\/p>\n\n\n<figure class=\"wp-block-embed-youtube wp-block-embed is-type-video is-provider-youtube wp-embed-aspect-16-9 wp-has-aspect-ratio\"><div class=\"lyte-wrapper\" title=\"Bande-annonce! Tournage Forbes - Business Inside - EPP Rechtsanw&auml;lte Avocats\" style=\"width:1280px;max-width:100%;margin:5px;\"><div class=\"lyMe hidef\" id=\"WYL_X2YP01rmVnk\" itemprop=\"video\" itemscope itemtype=\"https:\/\/schema.org\/VideoObject\"><div><meta itemprop=\"thumbnailUrl\" content=\"https:\/\/rechtsanwalt.fr\/wp-content\/plugins\/wp-youtube-lyte\/lyteCache.php?origThumbUrl=https%3A%2F%2Fi.ytimg.com%2Fvi%2FX2YP01rmVnk%2Fmaxresdefault.jpg\" \/><meta itemprop=\"embedURL\" content=\"https:\/\/www.youtube.com\/embed\/X2YP01rmVnk\" \/><meta itemprop=\"duration\" content=\"PT29S\" \/><meta itemprop=\"uploadDate\" content=\"2024-02-23T16:32:54Z\" \/><\/div><div id=\"lyte_X2YP01rmVnk\" data-src=\"https:\/\/rechtsanwalt.fr\/wp-content\/plugins\/wp-youtube-lyte\/lyteCache.php?origThumbUrl=https%3A%2F%2Fi.ytimg.com%2Fvi%2FX2YP01rmVnk%2Fmaxresdefault.jpg\" class=\"pL\"><div class=\"tC\"><div class=\"tT\" itemprop=\"name\">Bande-annonce! Tournage Forbes - Business Inside - EPP Rechtsanw\u00e4lte Avocats<\/div><\/div><div class=\"play\"><\/div><div class=\"ctrl\"><div class=\"Lctrl\"><\/div><div class=\"Rctrl\"><\/div><\/div><\/div><noscript><a href=\"https:\/\/youtu.be\/X2YP01rmVnk\" rel=\"nofollow\"><img decoding=\"async\" src=\"https:\/\/rechtsanwalt.fr\/wp-content\/plugins\/wp-youtube-lyte\/lyteCache.php?origThumbUrl=https%3A%2F%2Fi.ytimg.com%2Fvi%2FX2YP01rmVnk%2F0.jpg\" alt=\"Bande-annonce! Tournage Forbes - Business Inside - EPP Rechtsanw&auml;lte Avocats\" width=\"1280\" height=\"700\" \/><br \/>Lire cette vid\u00e9o sur YouTube<\/a><\/noscript><meta itemprop=\"description\" content=\"&quot;Comment travaillent les entreprises fran\u00e7aises lorsqu&#039;elles vont travailler en Allemagne et comment travaillent les entreprises allemandes quand elles veulent investir le march\u00e9 fran\u00e7ais?&quot; RDV tr\u00e8s prochainement avec Jean-Marc Sylvestre et Emil Epp pour un entretien autour des relations franco-allemandes.\"><\/div><\/div><div class=\"lL\" style=\"max-width:100%;width:1280px;margin:5px;\"><\/div><figcaption><\/figcaption><\/figure>\n\n\n<p><\/p>\n\n\n\n<div style=\"height:30px\" aria-hidden=\"true\" class=\"wp-block-spacer\"><\/div>\n\n\n<div class=\"boimg-circle-rechtsgebiete-team-kontakt boimg-left-space\">\n<div class=\"boimg-circle_img1\"><a href=\"https:\/\/rechtsanwalt.fr\/fr\/equipe\/emil-epp\/\"><img decoding=\"async\" src=\"https:\/\/rechtsanwalt.fr\/wp-content\/uploads\/2021\/05\/emil_epp_webportrait.jpg\"><\/a><\/div>\n<div class=\"botext-circle\"><a href=\"https:\/\/rechtsanwalt.fr\/fr\/equipe\/emil-epp\/\">Emil Epp<\/a><\/div>\n<div class=\"botext-circle-sub\">Rechtsanwalt<\/div>\n<div class=\"botext-circle-sub\"><a onclick=\"return gtag_report_conversion('mailto:epp@rechtsanwalt.fr');\" href=\"mailto:epp@rechtsanwalt.fr\">epp@rechtsanwalt.fr<\/a><\/div>\n<div class=\"botext-circle-sub-tel\"><a href=\"tel:0033388456545\">+33 (0) 3 88 45 65 45<\/a><\/div>\n<\/div>\n<div style=\"height:40px\" class=\"wp-block-spacer\"><\/div>\n\n\n\n<div style=\"height:200px\" aria-hidden=\"true\" class=\"wp-block-spacer\"><\/div>\n","protected":false},"excerpt":{"rendered":"<p>Entretien avec le fondateur de notre cabinet - Emil Epp<\/p>\n","protected":false},"author":16,"featured_media":0,"comment_status":"closed","ping_status":"open","sticky":false,"template":"","format":"standard","meta":{"inline_featured_image":false,"footnotes":""},"categories":[101],"tags":[],"class_list":["post-32243","post","type-post","status-publish","format-standard","hentry","category-interview-presse"],"_links":{"self":[{"href":"https:\/\/rechtsanwalt.fr\/fr\/wp-json\/wp\/v2\/posts\/32243","targetHints":{"allow":["GET"]}}],"collection":[{"href":"https:\/\/rechtsanwalt.fr\/fr\/wp-json\/wp\/v2\/posts"}],"about":[{"href":"https:\/\/rechtsanwalt.fr\/fr\/wp-json\/wp\/v2\/types\/post"}],"author":[{"embeddable":true,"href":"https:\/\/rechtsanwalt.fr\/fr\/wp-json\/wp\/v2\/users\/16"}],"replies":[{"embeddable":true,"href":"https:\/\/rechtsanwalt.fr\/fr\/wp-json\/wp\/v2\/comments?post=32243"}],"version-history":[{"count":0,"href":"https:\/\/rechtsanwalt.fr\/fr\/wp-json\/wp\/v2\/posts\/32243\/revisions"}],"wp:attachment":[{"href":"https:\/\/rechtsanwalt.fr\/fr\/wp-json\/wp\/v2\/media?parent=32243"}],"wp:term":[{"taxonomy":"category","embeddable":true,"href":"https:\/\/rechtsanwalt.fr\/fr\/wp-json\/wp\/v2\/categories?post=32243"},{"taxonomy":"post_tag","embeddable":true,"href":"https:\/\/rechtsanwalt.fr\/fr\/wp-json\/wp\/v2\/tags?post=32243"}],"curies":[{"name":"wp","href":"https:\/\/api.w.org\/{rel}","templated":true}]}}