{"id":33999,"date":"2024-06-21T14:14:33","date_gmt":"2024-06-21T12:14:33","guid":{"rendered":"https:\/\/rechtsanwalt.fr\/?p=33999"},"modified":"2025-02-26T16:48:38","modified_gmt":"2025-02-26T15:48:38","slug":"linterdiction-dutiliser-le-telephone-portable-au-travail-en-allemagne","status":"publish","type":"post","link":"https:\/\/rechtsanwalt.fr\/fr\/linterdiction-dutiliser-le-telephone-portable-au-travail-en-allemagne\/","title":{"rendered":"L\u2019interdiction d\u2019utiliser le t\u00e9l\u00e9phone portable au travail en Allemagne"},"content":{"rendered":"\n<p>21 juin 2023<\/p>\n\n\n<div class=\"boimg-circle-rechtsgebiete-team-kontakt boimg-left-space\">\n<div class=\"boimg-circle_img1\"><a href=\"https:\/\/rechtsanwalt.fr\/fr\/equipe\/michael-ott\/\"><img decoding=\"async\" src=\"https:\/\/rechtsanwalt.fr\/wp-content\/uploads\/2023\/02\/portrait_michael_ott_epp.jpg\"><\/a><\/div>\n<div class=\"botext-circle\"><a href=\"mailto:ott@rechtsanwalt.fr\">Michael Ott <sup>LL.M.<\/sup><\/a><\/div>\n<div class=\"botext-circle-sub\">Rechtsanwalt<\/div>\n<div class=\"botext-circle-sub\"><a onclick=\"return gtag_report_conversion('mailto:ott@rechtsanwalt.fr');\" href=\"mailto:ott@rechtsanwalt.fr\">ott@rechtsanwalt.fr<\/a><\/div>\n<div class=\"botext-circle-sub-tel\"><a href=\"tel:0033388456545\">+33 (0) 3 88 45 65 45<\/a><\/div>\n<\/div>\n<div class=\"boimg-circle-rechtsgebiete-team-kontakt\">\n<div class=\"boimg-circle_img1\"><a href=\"https:\/\/rechtsanwalt.fr\/fr\/equipe\/ulrich-martin\/\"><img decoding=\"async\" src=\"https:\/\/rechtsanwalt.fr\/wp-content\/uploads\/2021\/05\/ulrich_martin_webportrait_epp.jpg\"><\/a><\/div>\n<div class=\"botext-circle\"><a href=\"https:\/\/rechtsanwalt.fr\/fr\/equipe\/ulrich-martin\/\">Ulrich Martin <sup>DEA \/ DESE<\/sup><\/a><\/div>\n<div class=\"botext-circle-sub\">Rechtsanwalt<\/div>\n<div class=\"botext-circle-sub\"><a onclick=\"return gtag_report_conversion('mailto:martin@rechtsanwalt.fr');\" href=\"mailto:martin@rechtsanwalt.fr\">martin@rechtsanwalt.fr<\/a><\/div>\n<div class=\"botext-circle-sub-tel\"><a href=\"tel:0033388456545\">+33 (0) 3 88 45 65 45<\/a><\/div>\n<\/div>\n<div class=\"boimg-circle-rechtsgebiete-team-kontakt\">\n<div class=\"boimg-circle_img1\"><a href=\"https:\/\/rechtsanwalt.fr\/fr\/equipe\/joerg-luft\/\"><img decoding=\"async\" src=\"https:\/\/rechtsanwalt.fr\/wp-content\/uploads\/2021\/05\/joerg_luft_webportrait_epp.jpg\"><\/a><\/div>\n<div class=\"botext-circle\"><a href=\"https:\/\/rechtsanwalt.fr\/fr\/equipe\/joerg-luft\/\">J\u00f6rg Luft<\/a><\/div>\n<div class=\"botext-circle-sub\">Rechtsanwalt<\/div>\n<div class=\"botext-circle-sub\"><a onclick=\"return gtag_report_conversion('mailto:luft@rechtsanwalt.fr');\" href=\"mailto:luft@rechtsanwalt.fr\">luft@rechtsanwalt.fr<\/a><\/div>\n<div class=\"botext-circle-sub-tel\"><a href=\"tel:00497221302370\">+49 (0) 7221 30 23 70<\/a><\/div>\n<\/div>\n<div style=\"height:40px\" class=\"wp-block-spacer\"><\/div>\n\n\n\n<p>L\u2019employeur peut-il interdire l\u2019utilisation \u00e0 des fins priv\u00e9es du t\u00e9l\u00e9phone portable lors du temps de travail sans impliquer le <a href=\"https:\/\/rechtsanwalt.fr\/fr\/comite-dentreprise-en-allemagne-dans-quels-cas-un-comite-dentreprise-peut-il-etre-mis-en-place-par-des-salaries-allemands\/\">comit\u00e9 d\u2019entreprise (<em>Betriebsrat<\/em>)<\/a>&nbsp;? Cette question \u00e9tait d\u00e9battue depuis bien longtemps par la jurisprudence. Dans un arr\u00eat r\u00e9cent, la Cour f\u00e9d\u00e9rale du travail allemande a tranch\u00e9 en faveur des employeurs.<\/p>\n\n\n\n<h2 class=\"wp-block-heading\">L\u2019utilisation du t\u00e9l\u00e9phone portable concerne-t-elle la prestation de travail&nbsp;?<\/h2>\n\n\n\n<p>La probl\u00e9matique juridique sous-jacente consistait \u00e0 d\u00e9terminer si le r\u00e8glement r\u00e9gissant l\u2019utilisation du t\u00e9l\u00e9phone portable au travail rel\u00e8ve du bon fonctionnement de l\u2019entreprise (<em>Ordnung des Betriebs<\/em>) et du comportement des salari\u00e9s dans l\u2019entreprise \u2013 th\u00e9matiques qui, selon le droit allemand, sont soumises au droit de cod\u00e9cision du comit\u00e9 d\u2019entreprise dans le cadre d\u2019un <a href=\"https:\/\/rechtsanwalt.fr\/fr\/conclusion-daccords-dentreprise-avec-le-comite-dentreprise-en-allemagne\/\">accord d\u2019entreprise (Betriebsvereinbarung)<\/a> \u2013 ou s\u2019il rel\u00e8ve du pouvoir de direction unilat\u00e9ral de l\u2019employeur parce qu\u2019il se rattache \u00e0 l\u2019ex\u00e9cution de la prestation de travail.<\/p>\n\n\n\n<h2 class=\"wp-block-heading\">La Cour f\u00e9d\u00e9rale du travail tranche en faveur des employeurs<\/h2>\n\n\n\n<p>Dans son arr\u00eat du 17 octobre 2023 (1 ABR 24\/22, NJW 2024, 9), la Cour f\u00e9d\u00e9rale du travail (<em>Bundesarbeitsgericht<\/em>) a estim\u00e9 que l\u2019utilisation par un salari\u00e9 du t\u00e9l\u00e9phone portable \u00e0 des fins priv\u00e9es n\u00e9cessitait une activit\u00e9 personnelle du salari\u00e9, telle que la lecture de messages ou le visionnage de vid\u00e9os, qui interrompt n\u00e9cessairement l\u2019activit\u00e9 professionnelle. Elle a donc consid\u00e9r\u00e9 que l\u2019interdiction de l\u2019utilisation du t\u00e9l\u00e9phone portable rel\u00e8ve du pouvoir de direction de l\u2019employeur.<\/p>\n\n\n\n<p>Par cons\u00e9quent, l\u2019employeur n\u2019a pas besoin de rechercher l\u2019accord du comit\u00e9 d\u2019entreprise pour d\u00e9cider d\u2019interdire l\u2019utilisation du t\u00e9l\u00e9phone portable pendant le temps de travail en Allemagne.<\/p>\n\n\n\n<h2 class=\"wp-block-heading\">L\u2019utilisation du t\u00e9l\u00e9phone portable lors des pauses<\/h2>\n\n\n\n<p>Attention : cet arr\u00eat ne vise pas l\u2019interdiction de l\u2019utilisation du t\u00e9l\u00e9phone portable lors des pauses ou temps de repos. Une telle interdiction rel\u00e8verait n\u00e9cessairement du bon fonctionnement de l\u2019entreprise, et serait par cons\u00e9quent soumise au droit de cod\u00e9cision du comit\u00e9 d\u2019entreprise. Il appartient \u00e9videmment \u00e0 chaque employeur d'estimer si une telle interdiction serait r\u00e9aliste et appropri\u00e9e au sein de son entreprise, ou bien si, \u00e0 l\u2019inverse, elle nuirait \u00e0 l'attractivit\u00e9 de l'entreprise face \u00e0 la p\u00e9nurie de main-d'\u0153uvre qualifi\u00e9e en Allemagne, notamment vis-\u00e0-vis des jeunes salari\u00e9s.<\/p>\n\n\n\n<div style=\"height:5px\" aria-hidden=\"true\" class=\"wp-block-spacer\"><\/div>\n\n\n\n<p>Notre \u00e9quipe se tient \u00e0 votre disposition pour vous apporter un conseil personnalis\u00e9 ou pour toute question compl\u00e9mentaire relative \u00e0 ces sujets.<\/p>\n\n\n\n<p><strong><a href=\"mailto:welcome@rechtsanwalt.fr\">welcome@rechtsanwalt.fr<\/a><\/strong><\/p>\n\n\n\n<div style=\"height:20px\" aria-hidden=\"true\" class=\"wp-block-spacer\"><\/div>\n\n\n\n<iframe loading=\"lazy\" src=\"https:\/\/rechtsanwalt.fr\/wp-content\/uploads\/2024\/06\/2024-06-21_Linterdiction-dutiliser-le-telephone-portable-au-travail-en-Allemagne.pdf\" id=\"printFrame\" width=\"0\" height=\"0\" frameborder=\"0\"><\/iframe>\n<a href=\"https:\/\/rechtsanwalt.fr\/wp-content\/uploads\/2024\/06\/2024-06-21_Linterdiction-dutiliser-le-telephone-portable-au-travail-en-Allemagne.pdf\" target=\"_blank\" class=\"print-link\" rel=\"noopener noreferrer\">Ouvrir PDF<\/a>\n<a class=\"print-link\" onclick=\"print()\">Imprimer<\/a>\n\n\n\n<div style=\"height:100px\" aria-hidden=\"true\" class=\"wp-block-spacer\"><\/div>\n","protected":false},"excerpt":{"rendered":"<p>21 juin 2023 L\u2019employeur peut-il interdire l\u2019utilisation \u00e0 des fins priv\u00e9es du t\u00e9l\u00e9phone portable lors du temps de travail sans impliquer le comit\u00e9 d\u2019entreprise (Betriebsrat)&nbsp;? Cette question \u00e9tait d\u00e9battue depuis bien longtemps par la jurisprudence. Dans un arr\u00eat r\u00e9cent, la Cour f\u00e9d\u00e9rale du travail allemande a tranch\u00e9 en faveur des employeurs. L\u2019utilisation du t\u00e9l\u00e9phone portable [&hellip;]<\/p>\n","protected":false},"author":17,"featured_media":0,"comment_status":"closed","ping_status":"open","sticky":false,"template":"","format":"standard","meta":{"inline_featured_image":false,"footnotes":""},"categories":[280],"tags":[],"class_list":["post-33999","post","type-post","status-publish","format-standard","hentry","category-droit-social-deact"],"_links":{"self":[{"href":"https:\/\/rechtsanwalt.fr\/fr\/wp-json\/wp\/v2\/posts\/33999","targetHints":{"allow":["GET"]}}],"collection":[{"href":"https:\/\/rechtsanwalt.fr\/fr\/wp-json\/wp\/v2\/posts"}],"about":[{"href":"https:\/\/rechtsanwalt.fr\/fr\/wp-json\/wp\/v2\/types\/post"}],"author":[{"embeddable":true,"href":"https:\/\/rechtsanwalt.fr\/fr\/wp-json\/wp\/v2\/users\/17"}],"replies":[{"embeddable":true,"href":"https:\/\/rechtsanwalt.fr\/fr\/wp-json\/wp\/v2\/comments?post=33999"}],"version-history":[{"count":0,"href":"https:\/\/rechtsanwalt.fr\/fr\/wp-json\/wp\/v2\/posts\/33999\/revisions"}],"wp:attachment":[{"href":"https:\/\/rechtsanwalt.fr\/fr\/wp-json\/wp\/v2\/media?parent=33999"}],"wp:term":[{"taxonomy":"category","embeddable":true,"href":"https:\/\/rechtsanwalt.fr\/fr\/wp-json\/wp\/v2\/categories?post=33999"},{"taxonomy":"post_tag","embeddable":true,"href":"https:\/\/rechtsanwalt.fr\/fr\/wp-json\/wp\/v2\/tags?post=33999"}],"curies":[{"name":"wp","href":"https:\/\/api.w.org\/{rel}","templated":true}]}}