{"id":34676,"date":"2024-09-11T09:23:26","date_gmt":"2024-09-11T07:23:26","guid":{"rendered":"https:\/\/rechtsanwalt.fr\/?p=34676"},"modified":"2026-03-30T18:22:54","modified_gmt":"2026-03-30T16:22:54","slug":"contentieux-en-allemagne-adoption-dun-projet-de-loi-favorisant-la-creation-de-chambres-commerciales-internationales","status":"publish","type":"post","link":"https:\/\/rechtsanwalt.fr\/fr\/contentieux-en-allemagne-adoption-dun-projet-de-loi-favorisant-la-creation-de-chambres-commerciales-internationales\/","title":{"rendered":"Contentieux en Allemagne : adoption d\u2019un projet de loi favorisant la cr\u00e9ation de chambres commerciales internationales"},"content":{"rendered":"<div class=\"boimg-circle-rechtsgebiete-team-kontakt boimg-left-space\">\n<div class=\"boimg-circle_img1\"><a href=\"https:\/\/rechtsanwalt.fr\/fr\/equipe\/anja-hergesell\/\"><img decoding=\"async\" src=\"https:\/\/rechtsanwalt.fr\/wp-content\/uploads\/2021\/05\/anja_hergesell_webportrait_epp.jpg\"><\/a><\/div>\n<div class=\"botext-circle\"><a href=\"https:\/\/rechtsanwalt.fr\/fr\/equipe\/anja-hergesell\/\">Anja Hergesell<\/a><\/div>\n<div class=\"botext-circle-sub\">Rechtsanw\u00e4ltin<\/div>\n<div class=\"botext-circle-sub\"><a onclick=\"return gtag_report_conversion('mailto:hergesell@rechtsanwalt.fr');\" href=\"mailto:hergesell@rechtsanwalt.fr\">hergesell@rechtsanwalt.fr<\/a><\/div>\n<div class=\"botext-circle-sub-tel\"><a href=\"tel:00497221302370\">+49 (0) 7221 30 23 70<\/a><\/div>\n<\/div>\n<div class=\"boimg-circle-rechtsgebiete-team-kontakt\">\n<div class=\"boimg-circle_img1\"><a href=\"https:\/\/rechtsanwalt.fr\/fr\/equipe\/michael-ott\/\"><img decoding=\"async\" src=\"https:\/\/rechtsanwalt.fr\/wp-content\/uploads\/2023\/02\/portrait_michael_ott_epp.jpg\"><\/a><\/div>\n<div class=\"botext-circle\"><a href=\"mailto:ott@rechtsanwalt.fr\">Michael Ott <sup>LL.M.<\/sup><\/a><\/div>\n<div class=\"botext-circle-sub\">Rechtsanwalt<\/div>\n<div class=\"botext-circle-sub\"><a onclick=\"return gtag_report_conversion('mailto:ott@rechtsanwalt.fr');\" href=\"mailto:ott@rechtsanwalt.fr\">ott@rechtsanwalt.fr<\/a><\/div>\n<div class=\"botext-circle-sub-tel\"><a href=\"tel:0033388456545\">+33 (0) 3 88 45 65 45<\/a><\/div>\n<\/div>\n<div style=\"height:40px\" class=\"wp-block-spacer\"><\/div>\n\n\n\n<p>Le Parlement allemand (\u00ab&nbsp;<em>Bundestag<\/em>&nbsp;\u00bb) a r\u00e9cemment adopt\u00e9 un projet de loi qui permet la cr\u00e9ation de chambres commerciales internationales dans <a>tous les Etats f\u00e9d\u00e9raux allemands <\/a>(\u00ab&nbsp;<em>L\u00e4nder<\/em>&nbsp;\u00bb). Ce projet de loi a pour objectif de renforcer la comp\u00e9titivit\u00e9 de la justice allemande \u00e0 l\u2019international.<\/p>\n\n\n\n<h2 class=\"wp-block-heading\">Que sont les chambres commerciales internationales&nbsp;?<\/h2>\n\n\n\n<p>Les chambres commerciales internationales sont des chambres sp\u00e9cialis\u00e9es dans les affaires commerciales aupr\u00e8s des tribunaux de grande instance (\u00ab&nbsp;<em>Landgericht<\/em>&nbsp;\u00bb) et des tribunaux r\u00e9gionaux sup\u00e9rieurs (\u00ab&nbsp;<em>Oberlandesgericht<\/em>&nbsp;\u00bb) allemands, qui traitent des litiges de haute importance en droit des affaires. Elles sont compos\u00e9es de magistrats hautement qualifi\u00e9s et sp\u00e9cialis\u00e9s en mati\u00e8res transfrontali\u00e8res. Pour trancher un litige devant une chambre commerciale internationale, les deux parties au proc\u00e8s doivent donner leur accord. Actuellement, seuls les tribunaux de quelques grandes villes allemandes, comme Stuttgart ou Mannheim, disposent de chambres commerciales internationales.<\/p>\n\n\n\n<h2 class=\"wp-block-heading\">Quelle est la langue utilis\u00e9e devant les chambres commerciales internationales ?<\/h2>\n\n\n\n<p>Devant les chambres commerciales internationales, les parties et les magistrats communiquent en allemand ou en anglais. <strong>Toutefois, devant certaines chambres commerciales internationales, il est \u00e9galement possible de plaider en fran\u00e7ais. Cela est notamment le cas de la chambre commerciale internationale du <em>Landgericht<\/em> de Sarrebruck et de la chambre civile du <em>Landgericht<\/em> de Berlin.<\/strong><\/p>\n\n\n\n<h2 class=\"wp-block-heading\">Que pr\u00e9voit le projet de loi&nbsp;?<\/h2>\n\n\n\n<p>Les points essentiels du projet de loi sont les suivants&nbsp;:<\/p>\n\n\n\n<ul class=\"wp-block-list\">\n<li>Cr\u00e9ation de chambres commerciales internationales, appel\u00e9es \u00ab&nbsp;<strong><em>Commercial Chambers<\/em><\/strong>&nbsp;\u00bb, aupr\u00e8s des tribunaux de grande instance dans tous les Etats f\u00e9d\u00e9raux allemands<\/li>\n\n\n\n<li>Cr\u00e9ation de chambres commerciales internationales, appel\u00e9es \u00ab&nbsp;<strong><em>Commercial Courts<\/em><\/strong>&nbsp;\u00bb, aupr\u00e8s des tribunaux r\u00e9gionaux sup\u00e9rieurs dans tous les Etats f\u00e9d\u00e9raux allemands<\/li>\n\n\n\n<li>Possibilit\u00e9 de communiquer en langue anglaise devant les chambres commerciales internationales, notamment avec la nomination de magistrats ayant une excellente ma\u00eetrise de l'anglais<\/li>\n\n\n\n<li>Possibilit\u00e9 de faire appel devant la Cour f\u00e9d\u00e9rale de justice allemande (\u00ab&nbsp;<em>Bundesgerichtshof&nbsp;<\/em>\u00bb) contre les d\u00e9cisions des Commercial Courts, \u00e9ventuellement avec la possibilit\u00e9 de communiquer en anglais<\/li>\n\n\n\n<li>\u00c9quipement num\u00e9rique de haute qualit\u00e9 des chambres commerciales internationales<\/li>\n<\/ul>\n\n\n\n<div style=\"height:10px\" aria-hidden=\"true\" class=\"wp-block-spacer\"><\/div>\n\n\n\n<p>Notre \u00e9quipe en droit allemand reste \u00e0 votre disposition pour toute question \u00e0 ce sujet.<\/p>\n\n\n\n<div style=\"height:10px\" aria-hidden=\"true\" class=\"wp-block-spacer\"><\/div>\n\n\n\n<p><strong><a href=\"mailto:welcome@rechtsanwalt.fr\">welcome@rechtsanwalt.fr<\/a><\/strong><\/p>\n\n\n\n<div style=\"height:20px\" aria-hidden=\"true\" class=\"wp-block-spacer\"><\/div>\n\n\n\n<iframe loading=\"lazy\" src=\"https:\/\/rechtsanwalt.fr\/wp-content\/uploads\/2024\/09\/2024-09-11_Contentieux-en-Allemagne_adoption-dun-projet-de-loi-favorisant-la-creation-de-chambres-commerciales-internationales.pdf\" id=\"printFrame\" width=\"0\" height=\"0\" frameborder=\"0\"><\/iframe>\n<a href=\"https:\/\/rechtsanwalt.fr\/wp-content\/uploads\/2024\/09\/2024-09-11_Contentieux-en-Allemagne_adoption-dun-projet-de-loi-favorisant-la-creation-de-chambres-commerciales-internationales.pdf\" target=\"_blank\" class=\"print-link\" rel=\"noopener noreferrer\">Ouvrir PDF<\/a>\n<a class=\"print-link\" onclick=\"print()\">Imprimer<\/a>\n\n\n\n<div style=\"height:60px\" aria-hidden=\"true\" class=\"wp-block-spacer\"><\/div>\n\n\n\n<br>\n<a href=\"https:\/\/expertisecomptable.de\" target=\"_blank\" rel=\"noopener noreferrer nofollow\"><img decoding=\"async\" style=\"padding-left: 0px; vertical-align: text-top;\" src=\"https:\/\/rechtsanwalt.fr\/wp-content\/uploads\/2024\/03\/logo_web_epp_tax_posts.png\" alt=\"EPP TAX\" width=\"170\" height=\"25\"><\/a>\n<br>\nAvec le d\u00e9veloppement de notre branche d\u2019activit\u00e9 EPP TAX, nous accompagnons les soci\u00e9t\u00e9s fran\u00e7aises, belges et suisses et leurs filiales en Allemagne dans toutes les probl\u00e9matiques fiscales, comptables et de gestion des ressources humaines rencontr\u00e9es outre-Rhin.<br>\n<a style=\"font-family: Calibri Bold,Open Sans Bold; color: #0c795e;\" href=\"mailto:welcome@expertisecomptable.de\">welcome@expertisecomptable.de<\/a>\n<br>\n\n\n\n<div style=\"height:100px\" aria-hidden=\"true\" class=\"wp-block-spacer\"><\/div>\n","protected":false},"excerpt":{"rendered":"<p>Le Parlement allemand (\u00ab&nbsp;Bundestag&nbsp;\u00bb) a r\u00e9cemment adopt\u00e9 un projet de loi qui permet la cr\u00e9ation de chambres commerciales internationales dans tous les Etats f\u00e9d\u00e9raux allemands (\u00ab&nbsp;L\u00e4nder&nbsp;\u00bb). Ce projet de loi a pour objectif de renforcer la comp\u00e9titivit\u00e9 de la justice allemande \u00e0 l\u2019international. Que sont les chambres commerciales internationales&nbsp;? Les chambres commerciales internationales sont des [&hellip;]<\/p>\n","protected":false},"author":17,"featured_media":0,"comment_status":"closed","ping_status":"open","sticky":false,"template":"","format":"standard","meta":{"inline_featured_image":false,"footnotes":""},"categories":[331],"tags":[255],"class_list":["post-34676","post","type-post","status-publish","format-standard","hentry","category-news-archive-2024-contentieux","tag-travail"],"_links":{"self":[{"href":"https:\/\/rechtsanwalt.fr\/fr\/wp-json\/wp\/v2\/posts\/34676","targetHints":{"allow":["GET"]}}],"collection":[{"href":"https:\/\/rechtsanwalt.fr\/fr\/wp-json\/wp\/v2\/posts"}],"about":[{"href":"https:\/\/rechtsanwalt.fr\/fr\/wp-json\/wp\/v2\/types\/post"}],"author":[{"embeddable":true,"href":"https:\/\/rechtsanwalt.fr\/fr\/wp-json\/wp\/v2\/users\/17"}],"replies":[{"embeddable":true,"href":"https:\/\/rechtsanwalt.fr\/fr\/wp-json\/wp\/v2\/comments?post=34676"}],"version-history":[{"count":1,"href":"https:\/\/rechtsanwalt.fr\/fr\/wp-json\/wp\/v2\/posts\/34676\/revisions"}],"predecessor-version":[{"id":43043,"href":"https:\/\/rechtsanwalt.fr\/fr\/wp-json\/wp\/v2\/posts\/34676\/revisions\/43043"}],"wp:attachment":[{"href":"https:\/\/rechtsanwalt.fr\/fr\/wp-json\/wp\/v2\/media?parent=34676"}],"wp:term":[{"taxonomy":"category","embeddable":true,"href":"https:\/\/rechtsanwalt.fr\/fr\/wp-json\/wp\/v2\/categories?post=34676"},{"taxonomy":"post_tag","embeddable":true,"href":"https:\/\/rechtsanwalt.fr\/fr\/wp-json\/wp\/v2\/tags?post=34676"}],"curies":[{"name":"wp","href":"https:\/\/api.w.org\/{rel}","templated":true}]}}