{"id":34740,"date":"2024-09-12T10:09:03","date_gmt":"2024-09-12T08:09:03","guid":{"rendered":"https:\/\/rechtsanwalt.fr\/?p=34740"},"modified":"2026-03-30T18:16:16","modified_gmt":"2026-03-30T16:16:16","slug":"baux-commerciaux-en-allemagne-la-guerre-en-ukraine-ne-donne-pas-droit-a-des-ajustements-de-loyer","status":"publish","type":"post","link":"https:\/\/rechtsanwalt.fr\/fr\/baux-commerciaux-en-allemagne-la-guerre-en-ukraine-ne-donne-pas-droit-a-des-ajustements-de-loyer\/","title":{"rendered":"Baux commerciaux en Allemagne\u00a0: la guerre en Ukraine ne donne pas droit \u00e0 des ajustements de loyer"},"content":{"rendered":"<div class=\"boimg-circle-rechtsgebiete-team-kontakt boimg-left-space\">\n<div class=\"boimg-circle_img1\"><a href=\"https:\/\/rechtsanwalt.fr\/fr\/equipe\/anja-hergesell\/\"><img decoding=\"async\" src=\"https:\/\/rechtsanwalt.fr\/wp-content\/uploads\/2021\/05\/anja_hergesell_webportrait_epp.jpg\"><\/a><\/div>\n<div class=\"botext-circle\"><a href=\"https:\/\/rechtsanwalt.fr\/fr\/equipe\/anja-hergesell\/\">Anja Hergesell<\/a><\/div>\n<div class=\"botext-circle-sub\">Rechtsanw\u00e4ltin<\/div>\n<div class=\"botext-circle-sub\"><a onclick=\"return gtag_report_conversion('mailto:hergesell@rechtsanwalt.fr');\" href=\"mailto:hergesell@rechtsanwalt.fr\">hergesell@rechtsanwalt.fr<\/a><\/div>\n<div class=\"botext-circle-sub-tel\"><a href=\"tel:00497221302370\">+49 (0) 7221 30 23 70<\/a><\/div>\n<\/div>\n<div class=\"boimg-circle-rechtsgebiete-team-kontakt\">\n<div class=\"boimg-circle_img1\"><a href=\"https:\/\/rechtsanwalt.fr\/fr\/equipe\/ulrich-martin\/\"><img decoding=\"async\" src=\"https:\/\/rechtsanwalt.fr\/wp-content\/uploads\/2021\/05\/ulrich_martin_webportrait_epp.jpg\"><\/a><\/div>\n<div class=\"botext-circle\"><a href=\"https:\/\/rechtsanwalt.fr\/fr\/equipe\/ulrich-martin\/\">Ulrich Martin <sup>DEA \/ DESE<\/sup><\/a><\/div>\n<div class=\"botext-circle-sub\">Rechtsanwalt<\/div>\n<div class=\"botext-circle-sub\"><a onclick=\"return gtag_report_conversion('mailto:martin@rechtsanwalt.fr');\" href=\"mailto:martin@rechtsanwalt.fr\">martin@rechtsanwalt.fr<\/a><\/div>\n<div class=\"botext-circle-sub-tel\"><a href=\"tel:0033388456545\">+33 (0) 3 88 45 65 45<\/a><\/div>\n<\/div>\n<div class=\"boimg-circle-rechtsgebiete-team-kontakt\">\n<div class=\"boimg-circle_img1\"><a href=\"https:\/\/rechtsanwalt.fr\/fr\/equipe\/joerg-luft\/\"><img decoding=\"async\" src=\"https:\/\/rechtsanwalt.fr\/wp-content\/uploads\/2021\/05\/joerg_luft_webportrait_epp.jpg\"><\/a><\/div>\n<div class=\"botext-circle\"><a href=\"https:\/\/rechtsanwalt.fr\/fr\/equipe\/joerg-luft\/\">J\u00f6rg Luft<\/a><\/div>\n<div class=\"botext-circle-sub\">Rechtsanwalt<\/div>\n<div class=\"botext-circle-sub\"><a onclick=\"return gtag_report_conversion('mailto:luft@rechtsanwalt.fr');\" href=\"mailto:luft@rechtsanwalt.fr\">luft@rechtsanwalt.fr<\/a><\/div>\n<div class=\"botext-circle-sub-tel\"><a href=\"tel:00497221302370\">+49 (0) 7221 30 23 70<\/a><\/div>\n<\/div>\n<div style=\"height:40px\" class=\"wp-block-spacer\"><\/div>\n\n\n\n<p>Le Tribunal judiciaire de Cologne a r\u00e9cemment rendu un jugement concernant le droit du preneur \u00e0 bail de locaux commerciaux \u00e0 des ajustements de loyer pour cause de pertes de chiffre d\u2019affaires r\u00e9sultant de la guerre en Ukraine. &nbsp;<\/p>\n\n\n\n<p><strong>Il s\u2019agit d\u2019un arr\u00eat du TJ de Cologne du 16 avril 2024 (r\u00e9f\u00e9rence&nbsp;: 14 O 89\/23)<\/strong>.&nbsp;<\/p>\n\n\n\n<p>Dans cette affaire, le preneur \u00e0 bail d\u2019un local commercial avait demand\u00e9 \u00e0 son bailleur un ajustement de loyer. Pour justifier cette demande, il avait expliqu\u00e9 que les r\u00e9percussions de la guerre en Ukraine sur l\u2019\u00e9conomie allemande, notamment l\u2019augmentation du prix des mati\u00e8res premi\u00e8res et des co\u00fbts \u00e9nerg\u00e9tiques, lui avaient caus\u00e9 d\u2019\u00e9normes pertes de chiffre d\u2019affaires. Le bailleur ayant rejet\u00e9 sa demande, le preneur avait alors d\u00e9cid\u00e9, de son propre gr\u00e9, de r\u00e9duire de moiti\u00e9 le loyer des mois suivants.<\/p>\n\n\n\n<p>Suite \u00e0 cette r\u00e9duction unilat\u00e9rale de loyer, le bailleur avait saisi le tribunal et demand\u00e9 la condamnation du preneur au paiement de la totalit\u00e9 des sommes dues contractuellement au titre du loyer. Selon lui, le preneur n\u2019avait pas droit \u00e0 un ajustement de loyer en l\u2019absence de lien de causalit\u00e9 entre la guerre en Ukraine et la perte de chiffre d\u2019affaires du preneur.<\/p>\n\n\n\n<p>Le Tribunal judiciaire de Cologne a statu\u00e9 en faveur du bailleur et a condamn\u00e9 le preneur au paiement des arri\u00e9r\u00e9s de loyers.&nbsp;<\/p>\n\n\n\n<h2 class=\"wp-block-heading\">Pas de changement de circonstances impr\u00e9visible<\/h2>\n\n\n\n<p>Le TJ de Cologne a consid\u00e9r\u00e9 que les r\u00e9percussions \u00e9conomiques de la guerre en Ukraine sur l\u2019\u00e9conomie allemande ne constituaient pas un changement de circonstances impr\u00e9visible affectant le loyer convenu au moment de la conclusion du bail commercial. Le preneur pouvait continuer \u00e0 disposer librement des surfaces lou\u00e9es et \u00e0 exploiter son commerce sans restriction de fait. En contrepartie, il est tenu de verser au bailleur la totalit\u00e9 du loyer convenu contractuellement.<\/p>\n\n\n\n<h2 class=\"wp-block-heading\">Diff\u00e9rence avec la jurisprudence sur les baux commerciaux en p\u00e9riode de pand\u00e9mie de Covid-19<\/h2>\n\n\n\n<p>Dans ce cas d\u2019esp\u00e8ce, la situation se distingue consid\u00e9rablement de celle des pertes de chiffre d\u2019affaires subies par les entreprises ayant d\u00fb fermer leurs commerces en raison de la pand\u00e9mie de Covid-19, pour lesquelles la Cour f\u00e9d\u00e9rale de justice allemande (<em>Bundesgerichtshof)<\/em> avait reconnu, sous certaines conditions, <a href=\"https:\/\/rechtsanwalt.fr\/fr\/covid-19-en-allemagne-premiere-decision-sur-les-reductions-de-loyer-par-la-cour-federale-de-justice-allemande\">un droit aux preneurs \u00e0 des ajustements de loyer<\/a>. Pendant la p\u00e9riode de confinement, les autorit\u00e9s avaient en effet impos\u00e9 la fermeture de certains commerces et les preneurs avaient ainsi perdu la possibilit\u00e9 d'utiliser pleinement et sans restriction les surfaces lou\u00e9es.<\/p>\n\n\n\n<div style=\"height:10px\" aria-hidden=\"true\" class=\"wp-block-spacer\"><\/div>\n\n\n\n<p>Notre \u00e9quipe en droit des contrats allemand reste \u00e0 votre disposition pour toute question \u00e0 ce sujet.<\/p>\n\n\n\n<p><strong><a href=\"mailto:welcome@rechtsanwalt.fr\">welcome@rechtsanwalt.fr<\/a><\/strong><\/p>\n\n\n\n<div style=\"height:20px\" aria-hidden=\"true\" class=\"wp-block-spacer\"><\/div>\n\n\n\n<iframe loading=\"lazy\" src=\"https:\/\/rechtsanwalt.fr\/wp-content\/uploads\/2024\/09\/12-09-2024_Baux-commerciaux-en-Allemagne-la-guerre-en-Ukraine-ne-donne-pas-droit-a-des-ajustements-de-loyer.pdf\" id=\"printFrame\" width=\"0\" height=\"0\" frameborder=\"0\"><\/iframe>\n<a href=\"https:\/\/rechtsanwalt.fr\/wp-content\/uploads\/2024\/09\/12-09-2024_Baux-commerciaux-en-Allemagne-la-guerre-en-Ukraine-ne-donne-pas-droit-a-des-ajustements-de-loyer.pdf\" target=\"_blank\" class=\"print-link\" rel=\"noopener noreferrer\">Ouvrir PDF<\/a>\n<a class=\"print-link\" onclick=\"print()\">Imprimer<\/a>\n\n\n\n<div style=\"height:60px\" aria-hidden=\"true\" class=\"wp-block-spacer\"><\/div>\n\n\n\n<br>\n<a href=\"https:\/\/expertisecomptable.de\" target=\"_blank\" rel=\"noopener noreferrer nofollow\"><img decoding=\"async\" style=\"padding-left: 0px; vertical-align: text-top;\" src=\"https:\/\/rechtsanwalt.fr\/wp-content\/uploads\/2024\/03\/logo_web_epp_tax_posts.png\" alt=\"EPP TAX\" width=\"170\" height=\"25\"><\/a>\n<br>\nAvec le d\u00e9veloppement de notre branche d\u2019activit\u00e9 EPP TAX, nous accompagnons les soci\u00e9t\u00e9s fran\u00e7aises, belges et suisses et leurs filiales en Allemagne dans toutes les probl\u00e9matiques fiscales, comptables et de gestion des ressources humaines rencontr\u00e9es outre-Rhin.<br>\n<a style=\"font-family: Calibri Bold,Open Sans Bold; color: #0c795e;\" href=\"mailto:welcome@expertisecomptable.de\">welcome@expertisecomptable.de<\/a>\n<br>\n\n\n\n<div style=\"height:100px\" aria-hidden=\"true\" class=\"wp-block-spacer\"><\/div>\n\n\n\n<p><\/p>\n","protected":false},"excerpt":{"rendered":"<p>Le Tribunal judiciaire de Cologne a r\u00e9cemment rendu un jugement concernant le droit du preneur \u00e0 bail de locaux commerciaux \u00e0 des ajustements de loyer pour cause de pertes de chiffre d\u2019affaires r\u00e9sultant de la guerre en Ukraine. &nbsp; Il s\u2019agit d\u2019un arr\u00eat du TJ de Cologne du 16 avril 2024 (r\u00e9f\u00e9rence&nbsp;: 14 O 89\/23).&nbsp; [&hellip;]<\/p>\n","protected":false},"author":17,"featured_media":0,"comment_status":"closed","ping_status":"open","sticky":false,"template":"","format":"standard","meta":{"inline_featured_image":false,"footnotes":""},"categories":[329],"tags":[],"class_list":["post-34740","post","type-post","status-publish","format-standard","hentry","category-archive-2024-droit-des-contrats"],"_links":{"self":[{"href":"https:\/\/rechtsanwalt.fr\/fr\/wp-json\/wp\/v2\/posts\/34740","targetHints":{"allow":["GET"]}}],"collection":[{"href":"https:\/\/rechtsanwalt.fr\/fr\/wp-json\/wp\/v2\/posts"}],"about":[{"href":"https:\/\/rechtsanwalt.fr\/fr\/wp-json\/wp\/v2\/types\/post"}],"author":[{"embeddable":true,"href":"https:\/\/rechtsanwalt.fr\/fr\/wp-json\/wp\/v2\/users\/17"}],"replies":[{"embeddable":true,"href":"https:\/\/rechtsanwalt.fr\/fr\/wp-json\/wp\/v2\/comments?post=34740"}],"version-history":[{"count":2,"href":"https:\/\/rechtsanwalt.fr\/fr\/wp-json\/wp\/v2\/posts\/34740\/revisions"}],"predecessor-version":[{"id":43033,"href":"https:\/\/rechtsanwalt.fr\/fr\/wp-json\/wp\/v2\/posts\/34740\/revisions\/43033"}],"wp:attachment":[{"href":"https:\/\/rechtsanwalt.fr\/fr\/wp-json\/wp\/v2\/media?parent=34740"}],"wp:term":[{"taxonomy":"category","embeddable":true,"href":"https:\/\/rechtsanwalt.fr\/fr\/wp-json\/wp\/v2\/categories?post=34740"},{"taxonomy":"post_tag","embeddable":true,"href":"https:\/\/rechtsanwalt.fr\/fr\/wp-json\/wp\/v2\/tags?post=34740"}],"curies":[{"name":"wp","href":"https:\/\/api.w.org\/{rel}","templated":true}]}}