{"id":35278,"date":"2024-11-07T15:26:05","date_gmt":"2024-11-07T14:26:05","guid":{"rendered":"https:\/\/rechtsanwalt.fr\/?p=35278"},"modified":"2024-12-05T18:07:38","modified_gmt":"2024-12-05T17:07:38","slug":"webinaire-vendre-en-allemagne-oui-mais-comment","status":"publish","type":"post","link":"https:\/\/rechtsanwalt.fr\/fr\/webinaire-vendre-en-allemagne-oui-mais-comment\/","title":{"rendered":"Vendre en Allemagne - Oui, mais comment ?"},"content":{"rendered":"\n<h4 class=\"wp-block-heading has-col-023-f-7-c-color has-text-color\">Webinaire&nbsp;du&nbsp;jeudi, 14 novembre<br>De 11h \u00e0 12h<\/h4>\n\n\n\n<ul class=\"wp-block-list\">\n<li><\/li>\n<\/ul>\n\n\n\n<ul class=\"wp-block-list\">\n<li>Comment aborder ce march\u00e9 en tant qu'entrepreneur ? <\/li>\n\n\n\n<li>Quelles possibilit\u00e9s s\u2019offrent \u00e0 vous pour vendre en Allemagne ou vers l'Allemagne ? <\/li>\n\n\n\n<li>Comment mettre en place des structures commerciales ? <\/li>\n\n\n\n<li>Comment trouver les collaborateurs ad\u00e9quats ? Quels sont les aspects juridiques \u00e0 prendre en compte ?<\/li>\n<\/ul>\n\n\n\n<p><strong>Pr\u00e9sentation des intervenants:<\/strong><br><br>EPP Rechtsanw\u00e4lte Avocats :<br>J\u00f6rg Luft<br><br>Liebich &amp; Partner :<br>Nina Meyer<br><br>Stabnau Business Development :<br>Axel Stabnau<\/p>\n\n\n\n<p><\/p>\n\n\n\n<p>Nous mettrons bient\u00f4t un enregistrement \u00e0 votre disposition.<br><\/p>\n\n\n\n<div style=\"height:28px\" aria-hidden=\"true\" class=\"wp-block-spacer\"><\/div>\n\n\n\n<figure class=\"wp-block-image size-large\"><img decoding=\"async\" width=\"1030\" height=\"579\" src=\"https:\/\/rechtsanwalt.fr\/wp-content\/uploads\/2024\/12\/visual2_webinaire_14_11_2024_epp-1030x579.jpg\" alt=\"\" class=\"wp-image-35731\" srcset=\"https:\/\/rechtsanwalt.fr\/wp-content\/uploads\/2024\/12\/visual2_webinaire_14_11_2024_epp-1030x579.jpg 1030w, https:\/\/rechtsanwalt.fr\/wp-content\/uploads\/2024\/12\/visual2_webinaire_14_11_2024_epp-300x169.jpg 300w, https:\/\/rechtsanwalt.fr\/wp-content\/uploads\/2024\/12\/visual2_webinaire_14_11_2024_epp-768x432.jpg 768w, https:\/\/rechtsanwalt.fr\/wp-content\/uploads\/2024\/12\/visual2_webinaire_14_11_2024_epp-705x397.jpg 705w, https:\/\/rechtsanwalt.fr\/wp-content\/uploads\/2024\/12\/visual2_webinaire_14_11_2024_epp.jpg 1280w\" sizes=\"(max-width: 1030px) 100vw, 1030px\" \/><\/figure>\n\n\n\n<div style=\"height:100px\" aria-hidden=\"true\" class=\"wp-block-spacer\"><\/div>\n","protected":false},"excerpt":{"rendered":"<p>Webinaire&nbsp;du&nbsp;jeudi, 14 novembreDe 11h \u00e0 12h Pr\u00e9sentation des intervenants: EPP Rechtsanw\u00e4lte Avocats :J\u00f6rg Luft Liebich &amp; Partner :Nina Meyer Stabnau Business Development :Axel Stabnau Nous mettrons bient\u00f4t un enregistrement \u00e0 votre disposition.<\/p>\n","protected":false},"author":19,"featured_media":0,"comment_status":"closed","ping_status":"open","sticky":false,"template":"","format":"standard","meta":{"inline_featured_image":false,"footnotes":""},"categories":[141],"tags":[],"class_list":["post-35278","post","type-post","status-publish","format-standard","hentry","category-webinaires-fr"],"_links":{"self":[{"href":"https:\/\/rechtsanwalt.fr\/fr\/wp-json\/wp\/v2\/posts\/35278","targetHints":{"allow":["GET"]}}],"collection":[{"href":"https:\/\/rechtsanwalt.fr\/fr\/wp-json\/wp\/v2\/posts"}],"about":[{"href":"https:\/\/rechtsanwalt.fr\/fr\/wp-json\/wp\/v2\/types\/post"}],"author":[{"embeddable":true,"href":"https:\/\/rechtsanwalt.fr\/fr\/wp-json\/wp\/v2\/users\/19"}],"replies":[{"embeddable":true,"href":"https:\/\/rechtsanwalt.fr\/fr\/wp-json\/wp\/v2\/comments?post=35278"}],"version-history":[{"count":0,"href":"https:\/\/rechtsanwalt.fr\/fr\/wp-json\/wp\/v2\/posts\/35278\/revisions"}],"wp:attachment":[{"href":"https:\/\/rechtsanwalt.fr\/fr\/wp-json\/wp\/v2\/media?parent=35278"}],"wp:term":[{"taxonomy":"category","embeddable":true,"href":"https:\/\/rechtsanwalt.fr\/fr\/wp-json\/wp\/v2\/categories?post=35278"},{"taxonomy":"post_tag","embeddable":true,"href":"https:\/\/rechtsanwalt.fr\/fr\/wp-json\/wp\/v2\/tags?post=35278"}],"curies":[{"name":"wp","href":"https:\/\/api.w.org\/{rel}","templated":true}]}}