{"id":41073,"date":"2024-02-18T17:48:00","date_gmt":"2024-02-18T16:48:00","guid":{"rendered":"https:\/\/rechtsanwalt.fr\/?p=41073"},"modified":"2025-11-17T15:30:07","modified_gmt":"2025-11-17T14:30:07","slug":"l-interet-general-en-droit-fiscal-allemand-donner-et-recevoir-dans-un-contexte-transfrontalier","status":"publish","type":"post","link":"https:\/\/rechtsanwalt.fr\/fr\/l-interet-general-en-droit-fiscal-allemand-donner-et-recevoir-dans-un-contexte-transfrontalier\/","title":{"rendered":"L\u2019int\u00e9r\u00eat g\u00e9n\u00e9ral en droit fiscal allemand : donner et recevoir dans un contexte transfrontalier"},"content":{"rendered":"\n<p>12 novembre 2025<\/p>\n\n\n<div class=\"boimg-circle-rechtsgebiete-team-kontakt boimg-left-space\">\n<div class=\"boimg-circle_img1\"><a href=\"https:\/\/rechtsanwalt.fr\/fr\/equipe\/audrey-bourquin\/\"><img decoding=\"async\" src=\"https:\/\/rechtsanwalt.fr\/wp-content\/uploads\/2024\/01\/portrait_audrey_bourquin_epp.jpg\"><\/a><\/div>\n<div class=\"botext-circle\"><a href=\"https:\/\/rechtsanwalt.fr\/fr\/equipe\/audrey-bourquin\/\">Audrey Bourquin <sup>DJCE<\/sup><\/a><\/div>\n<div class=\"botext-circle-sub\">Rechtsanw\u00e4ltin\/Avocat<\/div>\n<div class=\"botext-circle-sub\"><a onclick=\"return gtag_report_conversion('mailto:bourquin@rechtsanwalt.fr');\" href=\"mailto:bourquin@rechtsanwalt.fr\">bourquin@rechtsanwalt.fr<\/a><\/div>\n<div class=\"botext-circle-sub-tel\"><a href=\"tel:00497221302370\">+49 (0) 7221 30 23 70<\/a><\/div>\n<\/div>\n<div style=\"height:40px\" class=\"wp-block-spacer\"><\/div>\n\n\n\n<p>La fiscalit\u00e9 des dons et legs est un levier majeur pour le financement des <strong>associations, fondations et organismes d\u2019int\u00e9r\u00eat g\u00e9n\u00e9ral<\/strong>.<\/p>\n\n\n\n<p>En Allemagne, la reconnaissance du <strong>caract\u00e8re d\u2019int\u00e9r\u00eat g\u00e9n\u00e9ral <\/strong>(\u00ab&nbsp;<em>Gemeinn\u00fctzigkeit<\/em>&nbsp;\u00bb) ouvre la voie \u00e0 de nombreux <strong>avantages fiscaux<\/strong>, tant pour les donateurs que pour les b\u00e9n\u00e9ficiaires.<\/p>\n\n\n\n<p>Cependant, dans un <strong>contexte transfrontalier<\/strong> \u2013 par exemple entre la France et l\u2019Allemagne \u2013 les r\u00e8gles peuvent rapidement se complexifier.<\/p>\n\n\n\n<p>Une association reconnue d\u2019int\u00e9r\u00eat g\u00e9n\u00e9ral en France ne b\u00e9n\u00e9ficie pas automatiquement de la m\u00eame reconnaissance outre-Rhin.<\/p>\n\n\n\n<p>Cet article vous donne un aper\u00e7u pratique de ce qu\u2019il faut savoir pour donner depuis l\u2019Allemagne ou recevoir en Allemagne, et comment s\u00e9curiser vos gestes philanthropiques \u00e0 l\u2019\u00e9chelle franco-allemande.<\/p>\n\n\n\n<h2 class=\"wp-block-heading\">Donner depuis Allemagne : quelles d\u00e9ductions fiscales pour les particuliers et les entreprises ?<\/h2>\n\n\n\n<p><strong>Quelles limites pour la d\u00e9duction fiscale des dons&nbsp;?<\/strong><\/p>\n\n\n\n<p>Les particuliers comme les entreprises peuvent d\u00e9duire de leur revenu imposable les dons effectu\u00e9s au profit d\u2019organismes reconnus d\u2019int\u00e9r\u00eat g\u00e9n\u00e9ral (\u00ab&nbsp;<em>Gemeinn\u00fctzigkeit&nbsp;\u00bb<\/em>), \u00e0 vocation caritative (\u00ab&nbsp;<em>Mildt\u00e4tigkeit&nbsp;\u00bb<\/em>) ou religieuse (\u00ab&nbsp;<em>kirchliche Zwecke&nbsp;\u00bb<\/em>), dans la limite suivante :<\/p>\n\n\n\n<ul class=\"wp-block-list\">\n<li>20 % du montant total des revenus, ou<\/li>\n\n\n\n<li>4 \u2030 du total du chiffres d\u2019affaires, et des salaires et traitements vers\u00e9s au cours de l\u2019exercice concern\u00e9.<\/li>\n<\/ul>\n\n\n\n<p>Si le plafond est d\u00e9pass\u00e9, l\u2019exc\u00e9dent peut g\u00e9n\u00e9ralement \u00eatre report\u00e9 sur les ann\u00e9es suivantes.<\/p>\n\n\n\n<p><strong>Preuve n\u00e9cessaire&nbsp;: l\u2019attestation de don (\u00ab&nbsp;<em>Spendenbescheinigung<\/em>&nbsp;\u00bb)<\/strong><\/p>\n\n\n\n<p>Pour que l\u2019administration fiscale allemande accepte la d\u00e9duction, une <strong>attestation de don<\/strong> (\u00ab <em>Zuwendungsbest\u00e4tigung<\/em>&nbsp;\u00bb ou \u00ab&nbsp;<em>Spendenbescheinigung<\/em> \u00bb) est en principe n\u00e9cessaire.<\/p>\n\n\n\n<p>Pour les petites sommes (jusqu\u2019\u00e0 300 \u20ac), un justificatif bancaire peut parfois suffire, mais au-del\u00e0 il faut une attestation officielle.<\/p>\n\n\n\n<p><strong>Sponsoring vs don : attention aux contreparties<\/strong><\/p>\n\n\n\n<p>Le don au sens strict implique en principe un acte d\u00e9sint\u00e9ress\u00e9, le <strong>sponsoring<\/strong>, quant \u00e0 lui, suppose une contrepartie, par exemple publicitaire. Les d\u00e9penses de sponsoring peuvent \u00eatre d\u00e9duites comme <strong>charges d\u2019exploitation<\/strong> si elles r\u00e9pondent \u00e0 certaines conditions (lien avec l\u2019activit\u00e9 commerciale, absence d\u2019avantage personnel aux dirigeants, etc.).<\/p>\n\n\n\n<p>\u00c0 d\u00e9faut, il y a un risque de requalification et de remise en cause de leur d\u00e9ductibilit\u00e9.<\/p>\n\n\n\n<h2 class=\"wp-block-heading\">Recevoir en Allemagne : comment obtenir la reconnaissance de l\u2019int\u00e9r\u00eat g\u00e9n\u00e9ral ?<\/h2>\n\n\n\n<p><strong>Avantages fiscaux pour les organismes d\u2019int\u00e9r\u00eat g\u00e9n\u00e9ral<\/strong><\/p>\n\n\n\n<p>La reconnaissance du caract\u00e8re d\u2019int\u00e9r\u00eat g\u00e9n\u00e9ral, caritatif ou religieux ouvre aux organismes concern\u00e9s l\u2019acc\u00e8s \u00e0 divers avantages fiscaux, notamment l\u2019exon\u00e9ration d\u2019imp\u00f4t de certains revenus (dont les dons) et de droits de successions sur les legs re\u00e7us.<\/p>\n\n\n\n<p>En parall\u00e8le, cette reconnaissance constitue un levier pour encourager les donateurs, qui b\u00e9n\u00e9ficient alors de la d\u00e9duction fiscale de leurs dons. Elle contribue ainsi \u00e0 faciliter le financement et la p\u00e9rennit\u00e9 de ces structures.<\/p>\n\n\n\n<p><strong>Les crit\u00e8res de l\u2019int\u00e9r\u00eat g\u00e9n\u00e9ral<\/strong><\/p>\n\n\n\n<p>Les crit\u00e8res en Allemagne peuvent \u00eatre plus stricts qu\u2019en France, et incluent notamment&nbsp;:<\/p>\n\n\n\n<ul class=\"wp-block-list\">\n<li>La poursuite d\u2019un but d\u2019int\u00e9r\u00eat g\u00e9n\u00e9ral (\u00ab&nbsp;<em>Gemeinn\u00fctzigkeit&nbsp;\u00bb<\/em>), \u00e0 vocation caritative (\u00ab&nbsp;<em>Mildt\u00e4tigkeit&nbsp;\u00bb<\/em>) ou religieuse (\u00ab&nbsp;<em>kirchliche Zwecke&nbsp;\u00bb<\/em>).<\/li>\n\n\n\n<li>L\u2019entit\u00e9 doit en principe exclusivement poursuivre son\/ses objectifs statutaire(s) d\u2019int\u00e9r\u00eat g\u00e9n\u00e9ral. Il existe toutefois certaines exceptions.<\/li>\n\n\n\n<li>Le but statutaire doit \u00eatre effectivement r\u00e9alis\u00e9 sur la base d\u2019activit\u00e9 concr\u00e8te.<\/li>\n\n\n\n<li>La finalit\u00e9 doit \u00eatre d\u00e9sint\u00e9ress\u00e9e et l\u2019organisme doit poursuivre un but non lucratif.<\/li>\n\n\n\n<li>La gestion notamment financi\u00e8re de l\u2019organisme est \u00e9galement prise en compte, elle doit \u00eatre transparente et document\u00e9e.<\/li>\n<\/ul>\n\n\n\n<p><strong>La proc\u00e9dure de reconnaissance de l\u2019int\u00e9r\u00eat g\u00e9n\u00e9ral par les services des imp\u00f4ts allemands<\/strong><\/p>\n\n\n\n<p>La reconnaissance du statut d\u2019int\u00e9r\u00eat g\u00e9n\u00e9ral en Allemagne repose sur une analyse d\u00e9taill\u00e9e par le service des imp\u00f4ts (\u00ab&nbsp;<em>Finanzamt<\/em>&nbsp;\u00bb).<\/p>\n\n\n\n<p>Les \u00e9l\u00e9ments examin\u00e9s incluent notamment :<\/p>\n\n\n\n<ul class=\"wp-block-list\">\n<li>les statuts de l\u2019association, de la fondation ou de l\u2019organisme en question,<\/li>\n\n\n\n<li>les rapports d\u2019activit\u00e9,<\/li>\n\n\n\n<li>les proc\u00e8s-verbaux de r\u00e9unions,<\/li>\n\n\n\n<li>les comptes annuels et rapports financiers.<\/li>\n<\/ul>\n\n\n\n<p>Le service des imp\u00f4ts s\u2019assure ainsi que l\u2019organisme poursuit exclusivement et directement son but d\u2019int\u00e9r\u00eat g\u00e9n\u00e9ral.<\/p>\n\n\n\n<h2 class=\"wp-block-heading\">Particularit\u00e9s des dons transfrontaliers<\/h2>\n\n\n\n<p><strong>Reconnaissance de l\u2019int\u00e9r\u00eat g\u00e9n\u00e9ral d\u2019une organisation \u00e9trang\u00e8re<\/strong><\/p>\n\n\n\n<p>Qu\u2019un organisme soit reconnu d\u2019int\u00e9r\u00eat g\u00e9n\u00e9ral dans son \u00c9tat d\u2019origine <strong>n\u2019implique pas automatiquement la reconnaissance en Allemagne<\/strong>.<\/p>\n\n\n\n<p>Les autorit\u00e9s fiscales allemandes v\u00e9rifient au <strong>cas par cas<\/strong> et n\u2019accordent la d\u00e9duction que si le b\u00e9n\u00e9ficiaire r\u00e9pond aux crit\u00e8res du droit fiscal allemand.<\/p>\n\n\n\n<p><strong>Condition de lien avec l\u2019Allemagne<\/strong><\/p>\n\n\n\n<p>Pour que les dons faits \u00e0 une organisation \u00e9trang\u00e8re soient d\u00e9ductibles ou qu\u2019une organisation \u00e9trang\u00e8re b\u00e9n\u00e9ficie d\u2019une exon\u00e9ration en Allemagne, la loi exige un certain <strong>lien structurel avec l\u2019Allemagne<\/strong> : soit <strong>l\u2019activit\u00e9 profite \u00e0 des personnes domicili\u00e9es en Allemagne<\/strong>, soit <strong>l\u2019action contribue \u00e0 l\u2019am\u00e9lioration du rayonnement de l\u2019Allemagne \u00e0 l\u2019\u00e9tranger.<\/strong><\/p>\n\n\n\n<p>Cette condition peut \u00eatre particuli\u00e8rement complexe \u00e0 remplir pour des organisations n\u2019ayant pas leur activit\u00e9 sur le sol allemand.<\/p>\n\n\n\n<p><strong>Sp\u00e9cificit\u00e9s en mati\u00e8re de droits de succession<\/strong><\/p>\n\n\n\n<p>Si un organisme \u00e9tranger re\u00e7oit un <strong>leg portant sur un bien situ\u00e9 en Allemagne<\/strong> (par exemple un bien immobilier), la <a href=\"https:\/\/rechtsanwalt.fr\/fr\/les-conventions-fiscales-bilaterales-conclues-par-lallemagne\/\">convention fiscale bilat\u00e9rale<\/a> peut attribuer le droit d\u2019imposition \u00e0 l\u2019Allemagne.<\/p>\n\n\n\n<p>Dans ce cas, l\u2019exon\u00e9ration est conditionn\u00e9e au respect continu des crit\u00e8res d\u2019int\u00e9r\u00eat g\u00e9n\u00e9ral \u2014 souvent v\u00e9rifi\u00e9s sur une <strong>p\u00e9riode de 10 ans suite au leg<\/strong>.<\/p>\n\n\n\n<div style=\"height:20px\" aria-hidden=\"true\" class=\"wp-block-spacer\"><\/div>\n\n\n\n<figure class=\"wp-block-image aligncenter size-full is-resized\"><img decoding=\"async\" width=\"749\" height=\"553\" src=\"https:\/\/rechtsanwalt.fr\/wp-content\/uploads\/2025\/11\/Arbre-de-reflexion-decisionnel-pour-obtenir-la-deduction-fiscale-dun-don-en-Allemagne.png\" alt=\"Int\u00e9r\u00eat-g\u00e9n\u00e9ral-en-droit-fiscal-allemand-arbre-de-reflexion-decisionnel-pour-obtenir-la-deduction-fiscale-dun-don-en-Allemagne\" class=\"wp-image-41069\" style=\"width:607px;height:auto\" srcset=\"https:\/\/rechtsanwalt.fr\/wp-content\/uploads\/2025\/11\/Arbre-de-reflexion-decisionnel-pour-obtenir-la-deduction-fiscale-dun-don-en-Allemagne.png 749w, https:\/\/rechtsanwalt.fr\/wp-content\/uploads\/2025\/11\/Arbre-de-reflexion-decisionnel-pour-obtenir-la-deduction-fiscale-dun-don-en-Allemagne-300x221.png 300w, https:\/\/rechtsanwalt.fr\/wp-content\/uploads\/2025\/11\/Arbre-de-reflexion-decisionnel-pour-obtenir-la-deduction-fiscale-dun-don-en-Allemagne-705x521.png 705w\" sizes=\"(max-width: 749px) 100vw, 749px\" \/><\/figure>\n\n\n\n<div style=\"height:20px\" aria-hidden=\"true\" class=\"wp-block-spacer\"><\/div>\n\n\n\n<p>Eu \u00e9gard aux sp\u00e9cificit\u00e9s du traitement fiscal des dons et de la reconnaissance de l\u2019int\u00e9r\u00eat g\u00e9n\u00e9ral dans un contexte transfrontalier, un <strong>accompagnement juridique et fiscal sp\u00e9cialis\u00e9<\/strong> est indispensable.<\/p>\n\n\n\n<p>Notre cabinet assiste&nbsp;:<\/p>\n\n\n\n<ul class=\"wp-block-list\">\n<li>les donateurs qui souhaitent optimiser leurs contributions en Allemagne&nbsp;;<\/li>\n\n\n\n<li>les associations, fondations et tout organisme qui souhaitent obtenir la reconnaissance de l\u2019int\u00e9r\u00eat g\u00e9n\u00e9ral&nbsp;aupr\u00e8s des administrations fiscales allemandes ;<\/li>\n\n\n\n<li>les acteurs transfrontaliers souhaitant s\u00e9curiser leurs projets philanthropiques.<\/li>\n<\/ul>\n\n\n\nContactez notre \u00e9quipe franco-allemande pour b\u00e9n\u00e9ficier d\u2019un conseil adapt\u00e9 et faire de vos dons transfrontaliers un v\u00e9ritable levier fiscal et solidaire\u00a0:<br><a style=\"font-family: Calibri Bold,Open Sans Bold; color: #023f7c;\" href=\"mailto:welcome@rechtsanwalt.fr\">welcome@rechtsanwalt.fr<\/a>\n\n\n\n<div style=\"height:20px\" aria-hidden=\"true\" class=\"wp-block-spacer\"><\/div>\n\n\n\n<a href=\"mailto:welcome@rechtsanwalt.fr\" target=\"_blank\" class=\"print-link\" rel=\"noopener noreferrer\">Nous contacter<\/a>\n<iframe loading=\"lazy\" src=\"https:\/\/rechtsanwalt.fr\/wp-content\/uploads\/2025\/11\/2025-11-12_Linteret-general-en-droit-fiscal-allemand_donner-et-recevoir-dans-un-contexte-transfrontalier.pdf\" id=\"printFrame\" width=\"0\" height=\"0\" frameborder=\"0\"><\/iframe>\n<a href=\"https:\/\/rechtsanwalt.fr\/wp-content\/uploads\/2025\/11\/2025-11-12_Linteret-general-en-droit-fiscal-allemand_donner-et-recevoir-dans-un-contexte-transfrontalier.pdf\" target=\"_blank\" class=\"print-link\" rel=\"noopener noreferrer\">Ouvrir PDF<\/a>\n<a class=\"print-link\" onclick=\"print()\">Imprimer<\/a>\n\n\n\n<div style=\"height:5px\" aria-hidden=\"true\" class=\"wp-block-spacer\"><\/div>\n\n\n\n<div style=\"height:40px\" aria-hidden=\"true\" class=\"wp-block-spacer\"><\/div>\n\n\n\n<br>\n<a href=\"https:\/\/expertisecomptable.de\" target=\"_blank\" rel=\"noopener noreferrer nofollow\"><img decoding=\"async\" style=\"padding-left: 0px; vertical-align: text-top;\" src=\"https:\/\/rechtsanwalt.fr\/wp-content\/uploads\/2024\/03\/logo_web_epp_tax_posts.png\" alt=\"EPP TAX\" width=\"170\" height=\"25\"><\/a>\n<br>\nAvec le d\u00e9veloppement de notre branche d\u2019activit\u00e9 EPP TAX, nous accompagnons les soci\u00e9t\u00e9s fran\u00e7aises, belges et suisses et leurs filiales en Allemagne dans toutes les probl\u00e9matiques fiscales, comptables et de gestion des ressources humaines rencontr\u00e9es outre-Rhin.<br>\n<a style=\"font-family: Calibri Bold,Open Sans Bold; color: #0c795e;\" href=\"mailto:welcome@expertisecomptable.de\">welcome@expertisecomptable.de<\/a>\n<br>\n\n\n\n<div style=\"height:100px\" aria-hidden=\"true\" class=\"wp-block-spacer\"><\/div>\n\n\n\n<h2 class=\"wp-block-heading\">Questions fr\u00e9quentes - L\u2019int\u00e9r\u00eat g\u00e9n\u00e9ral en Allemagne<\/h2>\n\n\n\n<details class=\"wp-block-details has-small-font-size is-layout-flow wp-block-details-is-layout-flow\" style=\"border-style:none;border-width:0px;padding-top:var(--wp--preset--spacing--20);padding-right:0;padding-bottom:var(--wp--preset--spacing--20);padding-left:0\"><summary>Qu\u2019est-ce que la \u00ab <em>Gemeinn\u00fctzigkeit<\/em> \u00bb en droit fiscal allemand ?<\/summary>\n<p>La \u00ab <em>Gemeinn\u00fctzigkeit<\/em> \u00bb correspond au caract\u00e8re d\u2019int\u00e9r\u00eat g\u00e9n\u00e9ral d\u2019une organisation. La reconnaissance officielle du caract\u00e8re d\u2019int\u00e9r\u00eat g\u00e9n\u00e9ral permet notamment de b\u00e9n\u00e9ficier d\u2019exon\u00e9rations fiscales (imp\u00f4t sur les soci\u00e9t\u00e9s, droits de succession, etc.) et d\u2019\u00e9mettre des re\u00e7us fiscaux de dons (\u00ab <em>Spendenbescheinigungen<\/em> \u00bb). <\/p>\n\n\n\n<p>Les activit\u00e9s doivent en principe poursuivre un but d\u2019int\u00e9r\u00eat g\u00e9n\u00e9ral, caritatif ou religieux, sans but lucratif.<\/p>\n<\/details>\n\n\n\n<details class=\"wp-block-details has-small-font-size is-layout-flow wp-block-details-is-layout-flow\" style=\"border-top-color:var(--wp--preset--color--cyan-bluish-gray);border-top-width:1px;border-right-style:none;border-right-width:0px;border-bottom-style:none;border-bottom-width:0px;border-left-style:none;border-left-width:0px;padding-top:var(--wp--preset--spacing--20);padding-bottom:var(--wp--preset--spacing--20)\"><summary>Quels dons sont fiscalement d\u00e9ductibles en Allemagne ?<\/summary>\n<p>Les dons effectu\u00e9s au profit d\u2019organismes reconnus d\u2019int\u00e9r\u00eat g\u00e9n\u00e9ral, caritatifs ou religieux sont d\u00e9ductibles :<\/p>\n\n\n\n<ul class=\"wp-block-list\">\n<li>jusqu\u2019\u00e0 20 % du revenu imposable, ou<\/li>\n\n\n\n<li>jusqu\u2019\u00e0 4 \u2030 du total du chiffre d\u2019affaires, salaires et traitements vers\u00e9s au cours de l\u2019exercice.<\/li>\n<\/ul>\n\n\n\n<p>Les exc\u00e9dents peuvent \u00eatre report\u00e9s sur les ann\u00e9es suivantes. Une attestation officielle de don est n\u00e9cessaire.<\/p>\n<\/details>\n\n\n\n<details class=\"wp-block-details has-small-font-size is-layout-flow wp-block-details-is-layout-flow\" style=\"border-top-color:var(--wp--preset--color--cyan-bluish-gray);border-top-width:1px;border-right-style:none;border-right-width:0px;border-bottom-style:none;border-bottom-width:0px;border-left-style:none;border-left-width:0px;padding-top:var(--wp--preset--spacing--20);padding-bottom:var(--wp--preset--spacing--20)\"><summary>Une association fran\u00e7aise reconnue d\u2019int\u00e9r\u00eat g\u00e9n\u00e9ral est-elle automatiquement reconnue en Allemagne ?<\/summary>\n<p>Non. Une reconnaissance d\u2019int\u00e9r\u00eat g\u00e9n\u00e9ral en France n\u2019est pas automatiquement valable en Allemagne. <\/p>\n\n\n\n<p>Les autorit\u00e9s fiscales allemandes examinent ind\u00e9pendamment les statuts, les activit\u00e9s et la gestion de l\u2019organisme selon les crit\u00e8res du droit fiscal allemand.<\/p>\n<\/details>\n\n\n\n<details class=\"wp-block-details has-small-font-size is-layout-flow wp-block-details-is-layout-flow\" style=\"border-top-color:var(--wp--preset--color--cyan-bluish-gray);border-top-width:1px;border-right-style:none;border-right-width:0px;border-bottom-style:none;border-bottom-width:0px;border-left-style:none;border-left-width:0px;padding-top:var(--wp--preset--spacing--20);padding-bottom:var(--wp--preset--spacing--20)\"><summary>Quelles conditions doivent remplir les organismes \u00e9trangers pour que leurs dons soient d\u00e9ductibles en Allemagne ?<\/summary>\n<p>L\u2019organisme doit d\u00e9montrer un lien concret avec l\u2019Allemagne (\u00ab <em>Inlandsbezug<\/em> \u00bb) : son activit\u00e9 doit b\u00e9n\u00e9ficier \u00e0 des personnes domicili\u00e9es en Allemagne ou contribuer au rayonnement du pays \u00e0 l\u2019\u00e9tranger. <\/p>\n\n\n\n<p>Sans ce lien, la d\u00e9ductibilit\u00e9 peut \u00eatre refus\u00e9e.<\/p>\n<\/details>\n\n\n\n<details class=\"wp-block-details has-small-font-size is-layout-flow wp-block-details-is-layout-flow\" style=\"border-top-color:var(--wp--preset--color--cyan-bluish-gray);border-top-width:1px;border-bottom-style:none;border-bottom-width:0px;padding-top:var(--wp--preset--spacing--20);padding-bottom:var(--wp--preset--spacing--20)\"><summary>Quelle diff\u00e9rence entre un don et un sponsoring ?<\/summary>\n<p>Le don est un acte d\u00e9sint\u00e9ress\u00e9 sans contrepartie directe.<br>Le sponsoring, au contraire, implique souvent une prestation publicitaire ou promotionnelle. <\/p>\n\n\n\n<p>Dans ce cas, la d\u00e9pense peut \u00eatre d\u00e9ductible comme charge d\u2019exploitation si elle sert l\u2019int\u00e9r\u00eat commercial de l\u2019entreprise, mais elle ne constitue pas un don au sens fiscal du terme.<\/p>\n<\/details>\n\n\n\n<details class=\"wp-block-details has-small-font-size is-layout-flow wp-block-details-is-layout-flow\" style=\"border-top-color:var(--wp--preset--color--cyan-bluish-gray);border-top-width:1px;border-bottom-style:none;border-bottom-width:0px;padding-top:var(--wp--preset--spacing--20);padding-bottom:var(--wp--preset--spacing--20)\"><summary>Comment obtenir la reconnaissance d\u2019int\u00e9r\u00eat g\u00e9n\u00e9ral en Allemagne ?<\/summary>\n<p>La demande se fait aupr\u00e8s du service des imp\u00f4ts allemand (\u00ab\u00a0<em>Finanzamt<\/em>\u00a0\u00bb) comp\u00e9tent. <\/p>\n\n\n\n<p>L\u2019administration examine les statuts, les rapports d\u2019activit\u00e9 et les comptes annuels pour v\u00e9rifier que l\u2019organisme poursuit exclusivement et directement un but d\u2019int\u00e9r\u00eat g\u00e9n\u00e9ral. <\/p>\n\n\n\n<p>Cette reconnaissance doit \u00eatre renouvel\u00e9e et justifi\u00e9e r\u00e9guli\u00e8rement.<\/p>\n<\/details>\n\n\n\n<details class=\"wp-block-details has-small-font-size is-layout-flow wp-block-details-is-layout-flow\" style=\"border-top-color:var(--wp--preset--color--cyan-bluish-gray);border-top-width:1px;border-bottom-style:none;border-bottom-width:0px;padding-top:var(--wp--preset--spacing--20);padding-bottom:var(--wp--preset--spacing--20)\"><summary>Les legs \u00e0 des organismes \u00e9trangers sont-ils exon\u00e9r\u00e9s d\u2019imp\u00f4t en Allemagne ?<\/summary>\n<p>Oui, mais sous conditions. <\/p>\n\n\n\n<p>Si un organisme \u00e9tranger re\u00e7oit un bien (immobilier) situ\u00e9 en Allemagne, l\u2019exon\u00e9ration d\u00e9pend du respect durable des crit\u00e8res d\u2019int\u00e9r\u00eat g\u00e9n\u00e9ral allemands et, le cas \u00e9ch\u00e9ant, des dispositions de la convention fiscale bilat\u00e9rale applicable. <\/p>\n\n\n\n<p>Le respect de ces conditions est souvent v\u00e9rifi\u00e9 pendant dix ans apr\u00e8s le leg.<\/p>\n<\/details>\n\n\n\n<details class=\"wp-block-details has-small-font-size is-layout-flow wp-block-details-is-layout-flow\" style=\"border-top-color:var(--wp--preset--color--cyan-bluish-gray);border-top-width:1px;border-bottom-style:none;border-bottom-width:0px;padding-top:var(--wp--preset--spacing--20);padding-bottom:var(--wp--preset--spacing--20)\"><summary>Pourquoi faire appel \u00e0 un avocat fiscaliste pour un projet philanthropique franco-allemand ?<\/summary>\n<p>Les dons transfrontaliers soul\u00e8vent des questions de double imposition, de conformit\u00e9 administrative et de reconnaissance juridique. <\/p>\n\n\n\n<p>Un accompagnement fiscal et juridique sp\u00e9cialis\u00e9 permet d\u2019optimiser la d\u00e9ductibilit\u00e9 et de s\u00e9curiser les op\u00e9rations de m\u00e9c\u00e9nat, de dons ou de legs.<\/p>\n<\/details>\n\n\n\n<div style=\"height:100px\" aria-hidden=\"true\" class=\"wp-block-spacer\"><\/div>\n\n\n\n<div style=\"height:100px\" aria-hidden=\"true\" class=\"wp-block-spacer\"><\/div>\n","protected":false},"excerpt":{"rendered":"<p>12 novembre 2025 La fiscalit\u00e9 des dons et legs est un levier majeur pour le financement des associations, fondations et organismes d\u2019int\u00e9r\u00eat g\u00e9n\u00e9ral. En Allemagne, la reconnaissance du caract\u00e8re d\u2019int\u00e9r\u00eat g\u00e9n\u00e9ral (\u00ab&nbsp;Gemeinn\u00fctzigkeit&nbsp;\u00bb) ouvre la voie \u00e0 de nombreux avantages fiscaux, tant pour les donateurs que pour les b\u00e9n\u00e9ficiaires. Cependant, dans un contexte transfrontalier \u2013 par [&hellip;]<\/p>\n","protected":false},"author":19,"featured_media":0,"comment_status":"closed","ping_status":"open","sticky":false,"template":"","format":"standard","meta":{"inline_featured_image":false,"footnotes":""},"categories":[252],"tags":[],"class_list":["post-41073","post","type-post","status-publish","format-standard","hentry","category-fiscalite-des-entreprises"],"_links":{"self":[{"href":"https:\/\/rechtsanwalt.fr\/fr\/wp-json\/wp\/v2\/posts\/41073","targetHints":{"allow":["GET"]}}],"collection":[{"href":"https:\/\/rechtsanwalt.fr\/fr\/wp-json\/wp\/v2\/posts"}],"about":[{"href":"https:\/\/rechtsanwalt.fr\/fr\/wp-json\/wp\/v2\/types\/post"}],"author":[{"embeddable":true,"href":"https:\/\/rechtsanwalt.fr\/fr\/wp-json\/wp\/v2\/users\/19"}],"replies":[{"embeddable":true,"href":"https:\/\/rechtsanwalt.fr\/fr\/wp-json\/wp\/v2\/comments?post=41073"}],"version-history":[{"count":4,"href":"https:\/\/rechtsanwalt.fr\/fr\/wp-json\/wp\/v2\/posts\/41073\/revisions"}],"predecessor-version":[{"id":41101,"href":"https:\/\/rechtsanwalt.fr\/fr\/wp-json\/wp\/v2\/posts\/41073\/revisions\/41101"}],"wp:attachment":[{"href":"https:\/\/rechtsanwalt.fr\/fr\/wp-json\/wp\/v2\/media?parent=41073"}],"wp:term":[{"taxonomy":"category","embeddable":true,"href":"https:\/\/rechtsanwalt.fr\/fr\/wp-json\/wp\/v2\/categories?post=41073"},{"taxonomy":"post_tag","embeddable":true,"href":"https:\/\/rechtsanwalt.fr\/fr\/wp-json\/wp\/v2\/tags?post=41073"}],"curies":[{"name":"wp","href":"https:\/\/api.w.org\/{rel}","templated":true}]}}