{"id":41670,"date":"2026-01-06T14:43:00","date_gmt":"2026-01-06T13:43:00","guid":{"rendered":"https:\/\/rechtsanwalt.fr\/?p=41670"},"modified":"2026-02-16T13:40:55","modified_gmt":"2026-02-16T12:40:55","slug":"gmbh-allemande-convocation-dune-assemblee-generale-des-associes-par-courrier-simple","status":"publish","type":"post","link":"https:\/\/rechtsanwalt.fr\/fr\/gmbh-allemande-convocation-dune-assemblee-generale-des-associes-par-courrier-simple\/","title":{"rendered":"GmbH allemande : convocation d\u2019une assembl\u00e9e g\u00e9n\u00e9rale des associ\u00e9s par courrier simple"},"content":{"rendered":"\n<p><\/p>\n\n\n<div class=\"boimg-circle-rechtsgebiete-team-kontakt boimg-left-space\">\n<div class=\"boimg-circle_img1\"><a href=\"https:\/\/rechtsanwalt.fr\/fr\/equipe\/ulrich-martin\/\"><img decoding=\"async\" src=\"https:\/\/rechtsanwalt.fr\/wp-content\/uploads\/2025\/07\/portrait_uli_martin_epp.jpg\"><\/a><\/div>\n<div class=\"botext-circle\"><a href=\"https:\/\/rechtsanwalt.fr\/fr\/equipe\/ulrich-martin\/\">Ulrich Martin <sup>DEA \/ DESE<\/sup><\/a><\/div>\n<div class=\"botext-circle-sub\">Rechtsanwalt<\/div>\n<div class=\"botext-circle-sub\"><a onclick=\"return gtag_report_conversion('mailto:martin@rechtsanwalt.fr');\" href=\"mailto:martin@rechtsanwalt.fr\">martin@rechtsanwalt.fr<\/a><\/div>\n<div class=\"botext-circle-sub-tel\"><a href=\"tel:0033388456545\">+33 (0) 3 88 45 65 45<\/a><\/div>\n<\/div>\n<div class=\"boimg-circle-rechtsgebiete-team-kontakt\">\n<div class=\"boimg-circle_img1\"><a href=\"https:\/\/rechtsanwalt.fr\/fr\/equipe\/anja-hergesell\/\"><img decoding=\"async\" src=\"https:\/\/rechtsanwalt.fr\/wp-content\/uploads\/2021\/05\/anja_hergesell_webportrait_epp.jpg\"><\/a><\/div>\n<div class=\"botext-circle\"><a href=\"https:\/\/rechtsanwalt.fr\/fr\/equipe\/anja-hergesell\/\">Anja Hergesell<\/a><\/div>\n<div class=\"botext-circle-sub\">Rechtsanw\u00e4ltin<\/div>\n<div class=\"botext-circle-sub\"><a onclick=\"return gtag_report_conversion('mailto:hergesell@rechtsanwalt.fr');\" href=\"mailto:hergesell@rechtsanwalt.fr\">hergesell@rechtsanwalt.fr<\/a><\/div>\n<div class=\"botext-circle-sub-tel\"><a href=\"tel:00497221302370\">+49 (0) 7221 30 23 70<\/a><\/div>\n<\/div>\n<div style=\"height:40px\" class=\"wp-block-spacer\"><\/div>\n\n\n\n<p>Conform\u00e9ment \u00e0 l\u2019article 51, alin\u00e9a 1, de la loi allemande sur les soci\u00e9t\u00e9s \u00e0 responsabilit\u00e9 limit\u00e9e (<em>GmbHG<\/em>), la convocation d\u2019une assembl\u00e9e g\u00e9n\u00e9rale des associ\u00e9s d\u2019une GmbH allemande doit, en principe, \u00eatre effectu\u00e9e par <strong>lettre recommand\u00e9e<\/strong>.<\/p>\n\n\n\n<p>Toutefois, les statuts de la soci\u00e9t\u00e9 peuvent pr\u00e9voir des exigences formelles diff\u00e9rentes concernant la convocation d\u2019une assembl\u00e9e g\u00e9n\u00e9rale des associ\u00e9s.<\/p>\n\n\n\n<p>Un arr\u00eat r\u00e9cent du <strong>Tribunal r\u00e9gional sup\u00e9rieur de Celle (<em>Oberlandesgericht \u2013 OLG<\/em>) du 9&nbsp;juillet&nbsp;2025 (<em>9 U 64\/24<\/em>)<\/strong> illustre un tel am\u00e9nagement statutaire et les difficult\u00e9s pratiques qui peuvent en d\u00e9couler.<\/p>\n\n\n\n<h2 class=\"wp-block-heading\">Les faits&nbsp;: d\u00e9bat sur la convocation par courrier simple ou recommand\u00e9<\/h2>\n\n\n\n<p>La demanderesse, associ\u00e9e minoritaire d\u2019une GmbH allemande, contestait les d\u00e9cisions prises lors d\u2019une assembl\u00e9e g\u00e9n\u00e9rale, notamment en raison de la forme de la convocation, envoy\u00e9e par <strong>courrier simple<\/strong>. &nbsp;&nbsp;&nbsp;<\/p>\n\n\n\n<p>Selon la demanderesse, l\u2019article 51, alin\u00e9a 1, du GmbHG, qui impose une convocation par lettre recommand\u00e9e, rel\u00e8ve de l\u2019ordre public allemand.<\/p>\n\n\n\n<p>D\u00e8s lors, elle estimait que <strong>la clause statutaire pr\u00e9voyant une convocation par \u00e9crit<\/strong> ne pouvait pas d\u00e9roger \u00e0 l\u2019exigence l\u00e9gale d\u2019une lettre recommand\u00e9e.<\/p>\n\n\n\n<h2 class=\"wp-block-heading\">La d\u00e9cision&nbsp;: exigences formelles de la convocation de l\u2019assembl\u00e9e g\u00e9n\u00e9rale<\/h2>\n\n\n\n<p>La juridiction de l\u2019instance pr\u00e9c\u00e9dente a statu\u00e9 en faveur de la demanderesse en jugeant que la convocation, envoy\u00e9e par courrier simple, n\u2019\u00e9tait pas suffisante.<\/p>\n\n\n\n<p>Dans son jugement du 9 juillet 2025, le Tribunal r\u00e9gional sup\u00e9rieur de Celle a cass\u00e9 l\u2019arr\u00eat rendu par la premi\u00e8re instance.<\/p>\n\n\n\n<p>Il a pr\u00e9cis\u00e9 que les statuts d'une GmbH allemande peuvent, comme en l'esp\u00e8ce, \u00e9tablir des exigences formelles sp\u00e9cifiques pour la convocation d\u2019une assembl\u00e9e g\u00e9n\u00e9rale.<\/p>\n\n\n\n<p>Il a consid\u00e9r\u00e9 que dans le cas pr\u00e9sent, il a \u00e9t\u00e9 d\u00e9rog\u00e9 \u00e0 l\u2019exigence de forme pr\u00e9vue par l\u2019article 51 du GmbHG d\u00e8s lors que les statuts pr\u00e9voient que la convocation doit se faire par \u00e9crit.<\/p>\n\n\n\n<p><strong>Par \u00e9crit signifie que la forme \u00e9crite d\u00e9finie \u00e0 l\u2019article 126 du Code civil allemand doit \u00eatre respect\u00e9e, ce qui implique qu\u2019il suffit d\u2019envoyer une convocation par courrier simple, sign\u00e9e de mani\u00e8re manuscrite.<\/strong><\/p>\n\n\n\n<p>En l\u2019esp\u00e8ce, ces exigences formelles ont \u00e9t\u00e9 respect\u00e9es, et les d\u00e9cisions prises lors de l\u2019assembl\u00e9e des associ\u00e9s ont donc \u00e9t\u00e9 valablement adopt\u00e9es.<\/p>\n\n\n\n<h2 class=\"wp-block-heading\">Notre recommandation<\/h2>\n\n\n\n<p>Malgr\u00e9 la d\u00e9cision rendue par le Tribunal r\u00e9gional sup\u00e9rieur de Celle, il demeure conseill\u00e9, par souci de <strong>s\u00e9curit\u00e9 juridique<\/strong>, de pr\u00e9ciser clairement dans les statuts, non seulement <strong>la forme requise pour la convocation<\/strong> (par exemple, \u00ab&nbsp;forme \u00e9crite&nbsp;\u00bb ou \u00ab&nbsp;forme textuelle&nbsp;\u00bb), mais \u00e9galement <strong>le mode de transmission<\/strong> (par exemple, \u00ab&nbsp;courrier recommand\u00e9&nbsp;\u00bb, \u00ab&nbsp;courrier simple&nbsp;\u00bb ou \u00ab&nbsp;courriel avec confirmation de lecture&nbsp;\u00bb, etc.). <\/p>\n\n\n\n<p>Notre \u00e9quipe en droit des soci\u00e9t\u00e9s allemand se tient \u00e0 votre disposition pour toute question relative \u00e0 ce sujet ou pour tout conseil compl\u00e9mentaire : <strong><strong><a href=\"mailto:welcome@rechtsanwalt.fr\">welcome@rechtsanwalt.fr<\/a><\/strong><\/strong><\/p>\n\n\n\n<div style=\"height:20px\" aria-hidden=\"true\" class=\"wp-block-spacer\"><\/div>\n\n\n\n<a href=\"mailto:welcome@rechtsanwalt.fr\" target=\"_blank\" class=\"print-link\" rel=\"noopener noreferrer\">Nous contacter<\/a>\n<iframe loading=\"lazy\" src=\"https:\/\/rechtsanwalt.fr\/wp-content\/uploads\/2026\/01\/2025_01_06_GmbH-allemande_convocation-dune-assemblee-generale-des-associes-par-courrier-simple.pdf\" id=\"printFrame\" width=\"0\" height=\"0\" frameborder=\"0\"><\/iframe>\n<a href=\"https:\/\/rechtsanwalt.fr\/wp-content\/uploads\/2026\/01\/2025_01_06_GmbH-allemande_convocation-dune-assemblee-generale-des-associes-par-courrier-simple.pdf\" target=\"_blank\" class=\"print-link\" rel=\"noopener noreferrer\">Ouvrir PDF<\/a>\n<a class=\"print-link\" onclick=\"print()\">Imprimer<\/a>\n\n\n\n<div style=\"height:5px\" aria-hidden=\"true\" class=\"wp-block-spacer\"><\/div>\n\n\n\n<div style=\"height:40px\" aria-hidden=\"true\" class=\"wp-block-spacer\"><\/div>\n\n\n\n<br>\n<a href=\"https:\/\/expertisecomptable.de\" target=\"_blank\" rel=\"noopener noreferrer nofollow\"><img decoding=\"async\" style=\"padding-left: 0px; vertical-align: text-top;\" src=\"https:\/\/rechtsanwalt.fr\/wp-content\/uploads\/2024\/03\/logo_web_epp_tax_posts.png\" alt=\"EPP TAX\" width=\"170\" height=\"25\"><\/a>\n<br>\nAvec le d\u00e9veloppement de notre branche d\u2019activit\u00e9 EPP TAX, nous accompagnons les soci\u00e9t\u00e9s fran\u00e7aises, belges et suisses et leurs filiales en Allemagne dans toutes les probl\u00e9matiques fiscales, comptables et de gestion des ressources humaines rencontr\u00e9es outre-Rhin.<br>\n<a style=\"font-family: Calibri Bold,Open Sans Bold; color: #0c795e;\" href=\"mailto:welcome@expertisecomptable.de\">welcome@expertisecomptable.de<\/a>\n<br>\n\n\n\n<div style=\"height:100px\" aria-hidden=\"true\" class=\"wp-block-spacer\"><\/div>\n\n\n\n<h2 class=\"wp-block-heading\">Questions fr\u00e9quentes - Convocation d\u2019une assembl\u00e9e g\u00e9n\u00e9rale des associ\u00e9s<\/h2>\n\n\n\n<details class=\"wp-block-details has-small-font-size is-layout-flow wp-block-details-is-layout-flow\" style=\"border-style:none;border-width:0px;padding-top:var(--wp--preset--spacing--20);padding-bottom:var(--wp--preset--spacing--20)\"><summary>Une assembl\u00e9e g\u00e9n\u00e9rale d\u2019une GmbH allemande peut-elle \u00eatre convoqu\u00e9e par courrier simple ?<\/summary>\n<p>Oui, <strong>si les statuts de la GmbH pr\u00e9voient une convocation \u201cpar \u00e9crit\u201d<\/strong>, une convocation par courrier simple est suffisante, \u00e0 condition qu\u2019elle soit <strong>sign\u00e9e de mani\u00e8re manuscrite<\/strong>. <\/p>\n<\/details>\n\n\n\n<details class=\"wp-block-details has-small-font-size is-layout-flow wp-block-details-is-layout-flow\" style=\"border-top-color:var(--wp--preset--color--cyan-bluish-gray);border-top-width:1px;border-right-style:none;border-right-width:0px;border-bottom-style:none;border-bottom-width:0px;border-left-style:none;border-left-width:0px;padding-top:var(--wp--preset--spacing--20);padding-bottom:var(--wp--preset--spacing--20)\"><summary>La loi allemande impose-t-elle toujours une convocation par lettre recommand\u00e9e ?<\/summary>\n<p>En principe oui, <strong>mais cette r\u00e8gle peut \u00eatre modifi\u00e9e par les statuts de la soci\u00e9t\u00e9<\/strong>.<\/p>\n<\/details>\n\n\n\n<details class=\"wp-block-details has-small-font-size is-layout-flow wp-block-details-is-layout-flow\" style=\"border-top-color:var(--wp--preset--color--cyan-bluish-gray);border-top-width:1px;border-right-style:none;border-right-width:0px;border-bottom-style:none;border-bottom-width:0px;border-left-style:none;border-left-width:0px;padding-top:var(--wp--preset--spacing--20);padding-bottom:var(--wp--preset--spacing--20)\"><summary>Pourquoi est-il recommand\u00e9 de pr\u00e9ciser la forme de la convocation dans les statuts malgr\u00e9 la d\u00e9cision de justice ?<\/summary>\n<p>Malgr\u00e9 la d\u00e9cision rendue par le Tribunal r\u00e9gional sup\u00e9rieur de Celle, il reste recommand\u00e9, par souci de <strong>s\u00e9curit\u00e9 juridique<\/strong>, de d\u00e9finir clairement dans les statuts non seulement la <strong>forme de la convocation<\/strong>, mais aussi le <strong>mode de transmission<\/strong>, afin d\u2019\u00e9viter des difficult\u00e9s pratiques et des litiges.<\/p>\n<\/details>\n\n\n\n<div style=\"height:100px\" aria-hidden=\"true\" class=\"wp-block-spacer\"><\/div>\n","protected":false},"excerpt":{"rendered":"<p>Conform\u00e9ment \u00e0 l\u2019article 51, alin\u00e9a 1, de la loi allemande sur les soci\u00e9t\u00e9s \u00e0 responsabilit\u00e9 limit\u00e9e (GmbHG), la convocation d\u2019une assembl\u00e9e g\u00e9n\u00e9rale des associ\u00e9s d\u2019une GmbH allemande doit, en principe, \u00eatre effectu\u00e9e par lettre recommand\u00e9e. Toutefois, les statuts de la soci\u00e9t\u00e9 peuvent pr\u00e9voir des exigences formelles diff\u00e9rentes concernant la convocation d\u2019une assembl\u00e9e g\u00e9n\u00e9rale des associ\u00e9s. [&hellip;]<\/p>\n","protected":false},"author":19,"featured_media":0,"comment_status":"closed","ping_status":"open","sticky":false,"template":"","format":"standard","meta":{"inline_featured_image":false,"footnotes":""},"categories":[55],"tags":[],"class_list":["post-41670","post","type-post","status-publish","format-standard","hentry","category-droit-des-societes"],"_links":{"self":[{"href":"https:\/\/rechtsanwalt.fr\/fr\/wp-json\/wp\/v2\/posts\/41670","targetHints":{"allow":["GET"]}}],"collection":[{"href":"https:\/\/rechtsanwalt.fr\/fr\/wp-json\/wp\/v2\/posts"}],"about":[{"href":"https:\/\/rechtsanwalt.fr\/fr\/wp-json\/wp\/v2\/types\/post"}],"author":[{"embeddable":true,"href":"https:\/\/rechtsanwalt.fr\/fr\/wp-json\/wp\/v2\/users\/19"}],"replies":[{"embeddable":true,"href":"https:\/\/rechtsanwalt.fr\/fr\/wp-json\/wp\/v2\/comments?post=41670"}],"version-history":[{"count":5,"href":"https:\/\/rechtsanwalt.fr\/fr\/wp-json\/wp\/v2\/posts\/41670\/revisions"}],"predecessor-version":[{"id":42219,"href":"https:\/\/rechtsanwalt.fr\/fr\/wp-json\/wp\/v2\/posts\/41670\/revisions\/42219"}],"wp:attachment":[{"href":"https:\/\/rechtsanwalt.fr\/fr\/wp-json\/wp\/v2\/media?parent=41670"}],"wp:term":[{"taxonomy":"category","embeddable":true,"href":"https:\/\/rechtsanwalt.fr\/fr\/wp-json\/wp\/v2\/categories?post=41670"},{"taxonomy":"post_tag","embeddable":true,"href":"https:\/\/rechtsanwalt.fr\/fr\/wp-json\/wp\/v2\/tags?post=41670"}],"curies":[{"name":"wp","href":"https:\/\/api.w.org\/{rel}","templated":true}]}}