{"id":42162,"date":"2026-02-19T18:00:38","date_gmt":"2026-02-19T17:00:38","guid":{"rendered":"https:\/\/rechtsanwalt.fr\/?p=42162"},"modified":"2026-03-10T10:15:05","modified_gmt":"2026-03-10T09:15:05","slug":"nouveautes-en-matiere-de-fiscalite-des-organismes-dutilite-publique-en-allemagne","status":"publish","type":"post","link":"https:\/\/rechtsanwalt.fr\/fr\/nouveautes-en-matiere-de-fiscalite-des-organismes-dutilite-publique-en-allemagne\/","title":{"rendered":"Nouveaut\u00e9s 2026 en mati\u00e8re de fiscalit\u00e9 des organismes d\u2019utilit\u00e9 publique en Allemagne"},"content":{"rendered":"\n<p><\/p>\n\n\n<div class=\"boimg-circle-rechtsgebiete-team-kontakt boimg-left-space\">\n<div class=\"boimg-circle_img1\"><a href=\"https:\/\/rechtsanwalt.fr\/fr\/equipe\/audrey-bourquin\/\"><img decoding=\"async\" src=\"https:\/\/rechtsanwalt.fr\/wp-content\/uploads\/2024\/01\/portrait_audrey_bourquin_epp.jpg\"><\/a><\/div>\n<div class=\"botext-circle\"><a href=\"https:\/\/rechtsanwalt.fr\/fr\/equipe\/audrey-bourquin\/\">Audrey Bourquin <sup>DJCE<\/sup><\/a><\/div>\n<div class=\"botext-circle-sub\">Rechtsanw\u00e4ltin\/Avocate<\/div>\n<div class=\"botext-circle-sub\"><a onclick=\"return gtag_report_conversion('mailto:bourquin@rechtsanwalt.fr');\" href=\"mailto:bourquin@rechtsanwalt.fr\">bourquin@rechtsanwalt.fr<\/a><\/div>\n<div class=\"botext-circle-sub-tel\"><a href=\"tel:00497221302370\">+49 (0) 7221 30 23 70<\/a><\/div>\n<\/div>\n<div style=\"height:40px\" class=\"wp-block-spacer\"><\/div>\n\n\n\n<p><\/p>\n\n\n\n<div class=\"wp-block-group is-nowrap is-layout-flex wp-container-core-group-is-layout-ad2f72ca wp-block-group-is-layout-flex\">\n<p>L\u2019ann\u00e9e 2026 inaugure une nouvelle \u00e8re pour les associations, fondations et organismes \u00e0 but non lucratif ayant des activit\u00e9s en Allemagne.<\/p>\n<\/div>\n\n\n\n<p>Avec la promulgation de la \"<em>Steuer\u00e4nderungsgesetz<\/em> 2025\" (loi de modification fiscale 2025), le l\u00e9gislateur entend moderniser et simplifier le <a href=\"https:\/\/rechtsanwalt.fr\/fr\/l-interet-general-en-droit-fiscal-allemand-donner-et-recevoir-dans-un-contexte-transfrontalier\/\">droit fiscal de l\u2019int\u00e9r\u00eat g\u00e9n\u00e9ral allemand<\/a>&nbsp;(\u00ab&nbsp;<em>Gemeinn\u00fctzigkeit<\/em>&nbsp;\u00bb) afin d\u2019encourager l\u2019engagement b\u00e9n\u00e9vole, de faciliter la gestion comptable et de renforcer certains avantages fiscaux.<\/p>\n\n\n\n<p>Cet article a pour but de donner un aper\u00e7u des nouveaut\u00e9s fiscales \u00e0 prendre en compte en 2026 par les organisations \u00e0 but non lucratifs en Allemagne. &nbsp;<\/p>\n\n\n\n<h2 class=\"wp-block-heading\">Revalorisation des indemnit\u00e9s annuelles exon\u00e9r\u00e9es d\u2019imp\u00f4t pour les b\u00e9n\u00e9voles<\/h2>\n\n\n\n<div class=\"wp-block-group is-nowrap is-layout-flex wp-container-core-group-is-layout-ad2f72ca wp-block-group-is-layout-flex\">\n<p>En Allemagne, les personnes qui exercent certaines missions b\u00e9n\u00e9voles dans un organisme d\u2019utilit\u00e9 publique peuvent b\u00e9n\u00e9ficier d\u2019indemnit\u00e9s exon\u00e9r\u00e9es d\u2019imp\u00f4t.<\/p>\n<\/div>\n\n\n\n<p>Il existe deux principaux types d\u2019indemnit\u00e9s\u202f:<\/p>\n\n\n\n<ul class=\"wp-block-list\">\n<li><strong>Indemnit\u00e9 de dirigeant ou d\u2019encadrant (\u00ab<em>\u202f\u00dcbungsleiterpauschale\u202f<\/em>\u00bb)\u202f:<\/strong> Jusqu\u2019\u00e0 pr\u00e9sent, l\u2019indemnit\u00e9 \u00e9tait exon\u00e9r\u00e9e jusqu\u2019\u00e0 un montant de 3\u202f000\u202f\u20ac\u202fpar\u202fan. Elle passe \u00e0 3\u202f300\u202f\u20ac \u00e0 partir de 2026. <br><br>Sont concern\u00e9s par exemple, les animateurs entra\u00eeneurs, formateurs, \u00e9ducateurs, accompagnateurs ou encore les b\u00e9n\u00e9voles exer\u00e7ant une activit\u00e9 artistique ou se consacrant \u00e0 la prise en charge de personnes \u00e2g\u00e9es, malades ou handicap\u00e9es.<\/li>\n<\/ul>\n\n\n\n<ul class=\"wp-block-list\">\n<li><strong>Indemnit\u00e9 de b\u00e9n\u00e9volat g\u00e9n\u00e9ral (\u00ab<em>\u202fEhrenamtspauschale\u202f<\/em>\u00bb)\u202f:<\/strong> L\u2019indemnit\u00e9 annuelle exon\u00e9r\u00e9e d\u2019imp\u00f4t passe de 840\u202f\u20ac \u00e0 960\u202f\u20ac.<br><br>Sont concern\u00e9s tous les autres r\u00f4les b\u00e9n\u00e9voles, comme les tr\u00e9soriers, les secr\u00e9taires ou les membres du bureau, qui n\u2019ont pas une fonction d'encadrement p\u00e9dagogique sp\u00e9cifique.<\/li>\n<\/ul>\n\n\n\n<h2 class=\"wp-block-heading\">All\u00e8gement des r\u00e8gles relatives \u00e0 l\u2019affectation des fonds pour les petites organisations<\/h2>\n\n\n\n<p>Jusqu\u2019\u00e0 pr\u00e9sent, toutes les associations \u00e9taient oblig\u00e9es de d\u00e9penser la plupart des fonds collect\u00e9s pour leurs \u00ab\u202fobjectifs d\u2019utilit\u00e9 publique\u202f\u00bb dans un d\u00e9lai court suite \u00e0 leur perception (g\u00e9n\u00e9ralement l\u2019ann\u00e9e suivante) en application du <strong>principe de \u00ab&nbsp;<em>zeitnahe<\/em> <em>Mittelverwendungspflicht<\/em>&nbsp;\u00bb (obligation d\u2019utilisation des ressources dans un d\u00e9lai rapproch\u00e9)<\/strong>.<\/p>\n\n\n\n<p>A partir de 2026,si l\u2019association ou la fondation a un <strong>revenu annuel inf\u00e9rieur \u00e0 100.000\u202f\u20ac<\/strong> (contre 45.000\u202f\u20ac auparavant), elle ne sera plus oblig\u00e9e d\u2019utiliser presque imm\u00e9diatement cet argent. Les organisations concern\u00e9es peuvent alors planifier \u00e0 plus long terme et mettre de l\u2019argent de c\u00f4t\u00e9 pour des projets futurs.<\/p>\n\n\n\n<h2 class=\"wp-block-heading\">Elargissement des marges pour les activit\u00e9s \u00e9conomiques accessoires\u202f<\/h2>\n\n\n\n<div class=\"wp-block-group is-layout-flex wp-block-group-is-layout-flex\">\n<p>Ces activit\u00e9s pouvaient jusqu\u2019alors g\u00e9n\u00e9rer au maximum 45.000\u202f\u20ac de recettes par an (TVA comprise) sans que l\u2019organisme ne soit soumis ni \u00e0 l\u2019imp\u00f4t sur les soci\u00e9t\u00e9s (\u00ab&nbsp;<em>K\u00f6rperschaftsteuer<\/em>&nbsp;\u00bb), ni \u00e0 la taxe professionnelle (\u00ab&nbsp;<em>Gewerbesteuer<\/em>&nbsp;\u00bb).<\/p>\n<\/div>\n\n\n\n<p>\u00c0 partir de 2026, <strong>le plafond passe \u00e0 50.000\u202f\u20ac.<\/strong><\/p>\n\n\n\n<p>En dessous de ce seuil, les organismes ne doivent plus non plus prouver, pour chaque euro, si la recette vient directement de son activit\u00e9 d\u2019utilit\u00e9 publique ou de son activit\u00e9 accessoire\u202f: moins de formalit\u00e9s, plus de simplicit\u00e9.<\/p>\n\n\n\n<h2 class=\"wp-block-heading\">Extension de la liste des activit\u00e9s reconnues d\u2019utilit\u00e9 publique<\/h2>\n\n\n\n<div class=\"wp-block-group is-nowrap is-layout-flex wp-container-core-group-is-layout-ad2f72ca wp-block-group-is-layout-flex\">\n<p>La loi pr\u00e9cise \u00e9galement et modernise la liste des activit\u00e9s pouvant donner acc\u00e8s au statut avantageux fiscalement d\u2019organisme d\u2019utilit\u00e9 publique.<\/p>\n<\/div>\n\n\n\n<p>A&nbsp;partir de 2026, le\u202f<strong>e-sport\u202f<\/strong>est d\u00e9sormais reconnu comme activit\u00e9 pouvant \u00eatre d\u2019utilit\u00e9 publique, sous r\u00e9serve d\u2019exclure les jeux violents ou assimil\u00e9s \u00e0 des jeux d\u2019argent, et de respecter la r\u00e9glementation relative \u00e0 la protection de la jeunesse.<\/p>\n\n\n\n<h2 class=\"wp-block-heading\">Investissements \u00ab\u202fverts\u202f\u00bb\u202f: installations photovolta\u00efques fiscalement neutre<\/h2>\n\n\n\n<p><strong>L\u2019exploitation d\u2019installations photovolta\u00efques ou d\u2019autres syst\u00e8mes d\u2019\u00e9nergie renouvelable <\/strong>par les organismes d\u2019utilit\u00e9 publique ne mettra plus en p\u00e9ril leur statut d\u2019utilit\u00e9 publique, \u00e0 condition que ce ne soit pas le but principal de l\u2019organisation. Cette nouvelle disposition permet ainsi aux organisations de moderniser leurs locaux ou d\u2019impl\u00e9menter leur propre projet de production d\u2019\u00e9lectricit\u00e9.<\/p>\n\n\n\n<div class=\"wp-block-group is-nowrap is-layout-flex wp-container-core-group-is-layout-ad2f72ca wp-block-group-is-layout-flex\">\n<p>Les organisations pourront \u00e9galement vendre l\u2019\u00e9lectricit\u00e9 produite. Ses recettes seront alors exon\u00e9r\u00e9es d\u2019imp\u00f4ts tant qu\u2019elles ne d\u00e9passent pas le plafond de 50.000\u20ac propre aux activit\u00e9s \u00e9conomiques accessoires mentionn\u00e9s ci-avant.<\/p>\n<\/div>\n\n\n\n<h2 class=\"wp-block-heading\">Pour rappel\u202f: inscription des organisations \u00e9trang\u00e8res au registre des b\u00e9n\u00e9ficiaires de dons allemands (\u00ab&nbsp;<em>Zuwendungsempf\u00e4ngerregister<\/em>&nbsp;\u00bb)<\/h2>\n\n\n\n<p>Depuis le 1er janvier 2024, <strong>les associations et fondations \u00e9trang\u00e8res qui exercent des activit\u00e9s pr\u00e9sentant un int\u00e9r\u00eat public en Allemagne peuvent s\u2019inscrire au <em>Zuwendungsempf\u00e4ngerregister<\/em>, le registre officiel des b\u00e9n\u00e9ficiaires de dons.<\/strong><\/p>\n\n\n\n<p>Cette inscription permet \u00e0 ces organismes de d\u00e9livrer des <strong>attestations de dons<\/strong> (\u00ab<em>\u202fSpendenquittungen\u202f<\/em>\u00bb) <strong>conformes aux mod\u00e8les allemands<\/strong> et <strong>reconnues par l\u2019administration fiscale allemande. <\/strong>Ainsi, les donateurs peuvent, sous r\u00e9serve de satisfaire aux autres conditions fiscales applicables, b\u00e9n\u00e9ficier de la d\u00e9duction des dons effectu\u00e9s au profit de ces organisations \u00e9trang\u00e8res inscrites, au m\u00eame titre qu\u2019envers des organismes allemands reconnus. Cette \u00e9volution <strong>facilite la collecte transfrontali\u00e8re de dons<\/strong> et <strong>renforce l\u2019attractivit\u00e9 des structures \u00e9trang\u00e8res souhaitant agir en Allemagne ou aupr\u00e8s de donateurs allemands<\/strong>.<\/p>\n\n\n\n<p><\/p>\n\n\n\nContactez notre \u00e9quipe franco-allemande pour b\u00e9n\u00e9ficier d\u2019un conseil adapt\u00e9 et faire de vos dons transfrontaliers un v\u00e9ritable levier fiscal et solidaire\u00a0:<br><a style=\"font-family: Calibri Bold,Open Sans Bold; color: #023f7c;\" href=\"mailto:welcome@rechtsanwalt.fr\">welcome@rechtsanwalt.fr<\/a>\n\n\n\n<div style=\"height:20px\" aria-hidden=\"true\" class=\"wp-block-spacer\"><\/div>\n\n\n\n<a href=\"mailto:welcome@rechtsanwalt.fr\" target=\"_blank\" class=\"print-link\" rel=\"noopener noreferrer\">Nous contacter<\/a>\n<iframe loading=\"lazy\" src=\"https:\/\/rechtsanwalt.fr\/wp-content\/uploads\/2026\/02\/2026_02_19_Nouveautes-2026_Fiscalite-des-organismes-dutilite-publique.pdf\" id=\"printFrame\" width=\"0\" height=\"0\" frameborder=\"0\"><\/iframe>\n<a href=\"https:\/\/rechtsanwalt.fr\/wp-content\/uploads\/2026\/02\/2026_02_19_Nouveautes-2026_Fiscalite-des-organismes-dutilite-publique.pdf\" target=\"_blank\" class=\"print-link\" rel=\"noopener noreferrer\">Ouvrir PDF<\/a>\n<a class=\"print-link\" onclick=\"print()\">Imprimer<\/a>\n\n\n\n<div style=\"height:5px\" aria-hidden=\"true\" class=\"wp-block-spacer\"><\/div>\n\n\n\n<div style=\"height:40px\" aria-hidden=\"true\" class=\"wp-block-spacer\"><\/div>\n\n\n\n<br>\n<a href=\"https:\/\/expertisecomptable.de\" target=\"_blank\" rel=\"noopener noreferrer nofollow\"><img decoding=\"async\" style=\"padding-left: 0px; vertical-align: text-top;\" src=\"https:\/\/rechtsanwalt.fr\/wp-content\/uploads\/2024\/03\/logo_web_epp_tax_posts.png\" alt=\"EPP TAX\" width=\"170\" height=\"25\"><\/a>\n<br>\nAvec le d\u00e9veloppement de notre branche d\u2019activit\u00e9 EPP TAX, nous accompagnons les soci\u00e9t\u00e9s fran\u00e7aises, belges et suisses et leurs filiales en Allemagne dans toutes les probl\u00e9matiques fiscales, comptables et de gestion des ressources humaines rencontr\u00e9es outre-Rhin.<br>\n<a style=\"font-family: Calibri Bold,Open Sans Bold; color: #0c795e;\" href=\"mailto:welcome@expertisecomptable.de\">welcome@expertisecomptable.de<\/a>\n<br>\n\n\n\n<div style=\"height:100px\" aria-hidden=\"true\" class=\"wp-block-spacer\"><\/div>\n\n\n\n<h2 class=\"wp-block-heading\">Questions fr\u00e9quentes - Nouveaut\u00e9s 2026 en mati\u00e8re de fiscalit\u00e9 des organismes d\u2019utilit\u00e9 publique en Allemagne<\/h2>\n\n\n\n<details class=\"wp-block-details has-small-font-size is-layout-flow wp-block-details-is-layout-flow\" style=\"border-top-color:var(--wp--preset--color--cyan-bluish-gray);border-top-width:1px;border-right-style:none;border-right-width:0px;border-bottom-style:none;border-bottom-width:0px;border-left-style:none;border-left-width:0px;padding-top:var(--wp--preset--spacing--20);padding-bottom:var(--wp--preset--spacing--20)\"><summary>Qu\u2019est ce qui change pour les associations en Allemagne en 2026 ?<\/summary>\n<p>La loi de modification fiscale 2025 modernise et simplifie le droit fiscal de l\u2019int\u00e9r\u00eat g\u00e9n\u00e9ral, notamment pour encourager l\u2019engagement b\u00e9n\u00e9vole et renforcer certains avantages fiscaux pour les organisations \u00e0 but non lucratif.<\/p>\n\n\n\n<p><\/p>\n<\/details>\n\n\n\n<details class=\"wp-block-details has-small-font-size is-layout-flow wp-block-details-is-layout-flow\" style=\"border-top-color:var(--wp--preset--color--cyan-bluish-gray);border-top-width:1px;border-right-style:none;border-right-width:0px;border-bottom-style:none;border-bottom-width:0px;border-left-style:none;border-left-width:0px;padding-top:var(--wp--preset--spacing--20);padding-bottom:var(--wp--preset--spacing--20)\"><summary>Quelles sont les nouvelles exon\u00e9rations fiscales pour les b\u00e9n\u00e9voles en 2026 ?<\/summary>\n<p>En 2026, l\u2019indemnit\u00e9 exon\u00e9r\u00e9e d\u2019imp\u00f4t pour les dirigeants et encadrants passe de 3 000 \u20ac \u00e0 3 300 \u20ac par an (\u00ab&nbsp;<em>\u00dcbungsleiterpauschale<\/em>&nbsp;\u00bb), tandis que l\u2019indemnit\u00e9 pour les autres b\u00e9n\u00e9voles augmente de 840 \u20ac \u00e0 960 \u20ac par an (\u00ab&nbsp;<em>Ehrenamtspauschale<\/em>&nbsp;\u00bb).<\/p>\n\n\n\n<p><\/p>\n<\/details>\n\n\n\n<details class=\"wp-block-details has-small-font-size is-layout-flow wp-block-details-is-layout-flow\" style=\"border-top-color:var(--wp--preset--color--cyan-bluish-gray);border-top-width:1px;border-right-style:none;border-right-width:0px;border-bottom-style:none;border-bottom-width:0px;border-left-style:none;border-left-width:0px;padding-top:var(--wp--preset--spacing--20);padding-bottom:var(--wp--preset--spacing--20)\"><summary>Quelles sont les nouvelles r\u00e8gles concernant l'affectation des fonds pour les petites organisations ?<\/summary>\n<p>Depuis 2026, les associations et fondations ayant un revenu annuel inf\u00e9rieur \u00e0 100 000 \u20ac ne sont plus tenues d\u2019utiliser imm\u00e9diatement la majorit\u00e9 des fonds collect\u00e9s, ce qui leur permet de planifier sur le long terme.<\/p>\n\n\n\n<p><\/p>\n<\/details>\n\n\n\n<details class=\"wp-block-details has-small-font-size is-layout-flow wp-block-details-is-layout-flow\" style=\"border-top-color:var(--wp--preset--color--cyan-bluish-gray);border-top-width:1px;border-right-style:none;border-right-width:0px;border-bottom-style:none;border-bottom-width:0px;border-left-style:none;border-left-width:0px;padding-top:var(--wp--preset--spacing--20);padding-bottom:var(--wp--preset--spacing--20)\"><summary>Quelles sont les nouvelles r\u00e8gles concernant les activit\u00e9s \u00e9conomiques annexes des associations&nbsp;?<\/summary>\n<p>Le plafond des recettes annuelles issues des activit\u00e9s \u00e9conomiques annexes des associations passe de 45 000 \u20ac \u00e0 50 000 \u20ac en 2026. Ces recettes sont exempt\u00e9es d\u2019imp\u00f4t si elles ne d\u00e9passent pas ce seuil.<\/p>\n\n\n\n<p><\/p>\n<\/details>\n\n\n\n<details class=\"wp-block-details has-small-font-size is-layout-flow wp-block-details-is-layout-flow\" style=\"border-top-color:var(--wp--preset--color--cyan-bluish-gray);border-top-width:1px;border-bottom-style:none;border-bottom-width:0px;padding-top:var(--wp--preset--spacing--20);padding-bottom:var(--wp--preset--spacing--20)\"><summary>Quelles sont les \u00e9volutions en mati\u00e8re d\u2019investissements verts par des or pour les associations ?<\/summary>\n<p>Les organisations d\u2019utilit\u00e9 publique peuvent exploiter des installations photovolta\u00efques ou d\u2019autres syst\u00e8mes d\u2019\u00e9nergie renouvelable sans perdre leur statut, tant que ceci n'est pas l'objet principal de leur activit\u00e9.<\/p>\n\n\n\n<p><\/p>\n<\/details>\n\n\n\n<div style=\"height:100px\" aria-hidden=\"true\" class=\"wp-block-spacer\"><\/div>\n\n\n\n<div style=\"height:100px\" aria-hidden=\"true\" class=\"wp-block-spacer\"><\/div>\n","protected":false},"excerpt":{"rendered":"<p>L\u2019ann\u00e9e 2026 inaugure une nouvelle \u00e8re pour les associations, fondations et organismes \u00e0 but non lucratif ayant des activit\u00e9s en Allemagne. Avec la promulgation de la \"Steuer\u00e4nderungsgesetz 2025\" (loi de modification fiscale 2025), le l\u00e9gislateur entend moderniser et simplifier le droit fiscal de l\u2019int\u00e9r\u00eat g\u00e9n\u00e9ral allemand&nbsp;(\u00ab&nbsp;Gemeinn\u00fctzigkeit&nbsp;\u00bb) afin d\u2019encourager l\u2019engagement b\u00e9n\u00e9vole, de faciliter la gestion comptable [&hellip;]<\/p>\n","protected":false},"author":19,"featured_media":0,"comment_status":"closed","ping_status":"open","sticky":false,"template":"","format":"standard","meta":{"inline_featured_image":false,"footnotes":""},"categories":[253],"tags":[],"class_list":["post-42162","post","type-post","status-publish","format-standard","hentry","category-droit-fiscal-fr"],"_links":{"self":[{"href":"https:\/\/rechtsanwalt.fr\/fr\/wp-json\/wp\/v2\/posts\/42162","targetHints":{"allow":["GET"]}}],"collection":[{"href":"https:\/\/rechtsanwalt.fr\/fr\/wp-json\/wp\/v2\/posts"}],"about":[{"href":"https:\/\/rechtsanwalt.fr\/fr\/wp-json\/wp\/v2\/types\/post"}],"author":[{"embeddable":true,"href":"https:\/\/rechtsanwalt.fr\/fr\/wp-json\/wp\/v2\/users\/19"}],"replies":[{"embeddable":true,"href":"https:\/\/rechtsanwalt.fr\/fr\/wp-json\/wp\/v2\/comments?post=42162"}],"version-history":[{"count":12,"href":"https:\/\/rechtsanwalt.fr\/fr\/wp-json\/wp\/v2\/posts\/42162\/revisions"}],"predecessor-version":[{"id":42553,"href":"https:\/\/rechtsanwalt.fr\/fr\/wp-json\/wp\/v2\/posts\/42162\/revisions\/42553"}],"wp:attachment":[{"href":"https:\/\/rechtsanwalt.fr\/fr\/wp-json\/wp\/v2\/media?parent=42162"}],"wp:term":[{"taxonomy":"category","embeddable":true,"href":"https:\/\/rechtsanwalt.fr\/fr\/wp-json\/wp\/v2\/categories?post=42162"},{"taxonomy":"post_tag","embeddable":true,"href":"https:\/\/rechtsanwalt.fr\/fr\/wp-json\/wp\/v2\/tags?post=42162"}],"curies":[{"name":"wp","href":"https:\/\/api.w.org\/{rel}","templated":true}]}}