{"id":43275,"date":"2026-04-21T10:27:48","date_gmt":"2026-04-21T08:27:48","guid":{"rendered":"https:\/\/rechtsanwalt.fr\/?p=43275"},"modified":"2026-04-21T10:27:56","modified_gmt":"2026-04-21T08:27:56","slug":"droit-du-travail-en-allemagne-les-charges-sociales-des-salaries-en-2026","status":"publish","type":"post","link":"https:\/\/rechtsanwalt.fr\/fr\/droit-du-travail-en-allemagne-les-charges-sociales-des-salaries-en-2026\/","title":{"rendered":"Droit du travail en Allemagne : les charges sociales des salari\u00e9s en 2026"},"content":{"rendered":"\n<p>21 avril 2026<\/p>\n\n\n<div class=\"boimg-circle-rechtsgebiete-team-kontakt boimg-left-space\">\n<div class=\"boimg-circle_img1\"><a href=\"https:\/\/rechtsanwalt.fr\/fr\/equipe\/joerg-luft\/\"><img decoding=\"async\" src=\"https:\/\/rechtsanwalt.fr\/wp-content\/uploads\/2021\/05\/joerg_luft_webportrait_epp.jpg\"><\/a><\/div>\n<div class=\"botext-circle\"><a href=\"https:\/\/rechtsanwalt.fr\/fr\/equipe\/joerg-luft\/\">J\u00f6rg Luft<\/a><\/div>\n<div class=\"botext-circle-sub\">Rechtsanwalt<\/div>\n<div class=\"botext-circle-sub\"><a onclick=\"return gtag_report_conversion('mailto:luft@rechtsanwalt.fr');\" href=\"mailto:luft@rechtsanwalt.fr\">luft@rechtsanwalt.fr<\/a><\/div>\n<div class=\"botext-circle-sub-tel\"><a href=\"tel:00497221302370\">+49 (0) 7221 30 23 70<\/a><\/div>\n<\/div>\n<div class=\"boimg-circle-rechtsgebiete-team-kontakt\">\n<div class=\"boimg-circle_img1\"><a href=\"https:\/\/rechtsanwalt.fr\/fr\/equipe\/ulrich-martin\/\"><img decoding=\"async\" src=\"https:\/\/rechtsanwalt.fr\/wp-content\/uploads\/2025\/07\/portrait_uli_martin_epp.jpg\"><\/a><\/div>\n<div class=\"botext-circle\"><a href=\"https:\/\/rechtsanwalt.fr\/fr\/equipe\/ulrich-martin\/\">Ulrich Martin <sup>DEA \/ DESE<\/sup><\/a><\/div>\n<div class=\"botext-circle-sub\">Rechtsanwalt<\/div>\n<div class=\"botext-circle-sub\"><a onclick=\"return gtag_report_conversion('mailto:martin@rechtsanwalt.fr');\" href=\"mailto:martin@rechtsanwalt.fr\">martin@rechtsanwalt.fr<\/a><\/div>\n<div class=\"botext-circle-sub-tel\"><a href=\"tel:0033388456545\">+33 (0) 3 88 45 65 45<\/a><\/div>\n<\/div>\n<div class=\"boimg-circle-rechtsgebiete-team-kontakt\">\n<div class=\"boimg-circle_img1\"><a href=\"https:\/\/rechtsanwalt.fr\/fr\/equipe\/michael-ott\/\"><img decoding=\"async\" src=\"https:\/\/rechtsanwalt.fr\/wp-content\/uploads\/2023\/02\/portrait_michael_ott_epp.jpg\"><\/a><\/div>\n<div class=\"botext-circle\"><a href=\"mailto:ott@rechtsanwalt.fr\">Michael Ott <sup>LL.M.<\/sup><\/a><\/div>\n<div class=\"botext-circle-sub\">Rechtsanwalt<\/div>\n<div class=\"botext-circle-sub\"><a onclick=\"return gtag_report_conversion('mailto:ott@rechtsanwalt.fr');\" href=\"mailto:ott@rechtsanwalt.fr\">ott@rechtsanwalt.fr<\/a><\/div>\n<div class=\"botext-circle-sub-tel\"><a href=\"tel:0033388456545\">+33 (0) 3 88 45 65 45<\/a><\/div>\n<\/div>\n<div style=\"height:60px\" class=\"wp-block-spacer\"><\/div>\n\n\n\n<p><\/p>\n\n\n\n<p>En Allemagne, les charges sociales constituent un \u00e9l\u00e9ment essentiel du co\u00fbt du travail et participent au financement du syst\u00e8me de protection sociale.<br><br>Employeurs et salari\u00e9s sont tenus de cotiser \u00e0 diff\u00e9rents r\u00e9gimes obligatoires, notamment l\u2019assurance maladie, l\u2019assurance vieillesse et l\u2019assurance ch\u00f4\u00admage.<\/p>\n\n\n\n<ul class=\"wp-block-list\">\n<li>Quels sont les taux applicables en 2026 ?<\/li>\n\n\n\n<li>Quelles modifications ont \u00e9t\u00e9 introduites cette ann\u00e9e ?<\/li>\n<\/ul>\n\n\n\n<p>Voici une pr\u00e9sentation synth\u00e9tique des charges sociales des salari\u00e9s en Allemagne en 2026 : <\/p>\n\n\n\n<p><\/p>\n\n\n\n<p><br><\/p>\n\n\n\n<figure class=\"wp-block-image size-large is-resized\"><img decoding=\"async\" width=\"755\" height=\"1030\" src=\"https:\/\/rechtsanwalt.fr\/wp-content\/uploads\/2026\/04\/Charges-sociales-Allemagne-2026-755x1030.png\" alt=\"\" class=\"wp-image-43276\" style=\"width:768px;height:auto\" srcset=\"https:\/\/rechtsanwalt.fr\/wp-content\/uploads\/2026\/04\/Charges-sociales-Allemagne-2026-755x1030.png 755w, https:\/\/rechtsanwalt.fr\/wp-content\/uploads\/2026\/04\/Charges-sociales-Allemagne-2026-220x300.png 220w, https:\/\/rechtsanwalt.fr\/wp-content\/uploads\/2026\/04\/Charges-sociales-Allemagne-2026-768x1048.png 768w, https:\/\/rechtsanwalt.fr\/wp-content\/uploads\/2026\/04\/Charges-sociales-Allemagne-2026-1125x1536.png 1125w, https:\/\/rechtsanwalt.fr\/wp-content\/uploads\/2026\/04\/Charges-sociales-Allemagne-2026-1501x2048.png 1501w, https:\/\/rechtsanwalt.fr\/wp-content\/uploads\/2026\/04\/Charges-sociales-Allemagne-2026-1099x1500.png 1099w, https:\/\/rechtsanwalt.fr\/wp-content\/uploads\/2026\/04\/Charges-sociales-Allemagne-2026-517x705.png 517w, https:\/\/rechtsanwalt.fr\/wp-content\/uploads\/2026\/04\/Charges-sociales-Allemagne-2026-scaled.png 1876w\" sizes=\"(max-width: 755px) 100vw, 755px\" \/><\/figure>\n\n\n\n<p>Pour toute question relative \u00e0 ce sujet, notre \u00e9quipe franco-allemande, sp\u00e9cialis\u00e9e en droit du travail allemand, se tient \u00e0 votre disposition&nbsp;: <strong><a href=\"mailto:welcome@rechtsanwalt.fr\">welcome@rechtsanwalt.fr<\/a><\/strong><\/p>\n\n\n\n<div style=\"height:20px\" aria-hidden=\"true\" class=\"wp-block-spacer\"><\/div>\n\n\n\n<a href=\"mailto:welcome@rechtsanwalt.fr\" target=\"_blank\" class=\"print-link\" rel=\"noopener noreferrer\">Nous contacter<\/a>\n<iframe loading=\"lazy\" src=\"https:\/\/rechtsanwalt.fr\/wp-content\/uploads\/2026\/04\/2026_04_21_Droit-du-travail-en-Allemagne-les-charges-sociales-des-salaries-en-2026.pdf\" id=\"printFrame\" width=\"0\" height=\"0\" frameborder=\"0\"><\/iframe>\n<a href=\"https:\/\/rechtsanwalt.fr\/wp-content\/uploads\/2026\/04\/2026_04_21_Droit-du-travail-en-Allemagne-les-charges-sociales-des-salaries-en-2026.pdf\" target=\"_blank\" class=\"print-link\" rel=\"noopener noreferrer\">Ouvrir PDF<\/a>\n<a class=\"print-link\" onclick=\"print()\">Imprimer<\/a>\n\n\n\n<div style=\"height:60px\" aria-hidden=\"true\" class=\"wp-block-spacer\"><\/div>\n\n\n\n<br>\r\n<a href=\"https:\/\/expertisecomptable.de\" target=\"_blank\" rel=\"noopener noreferrer nofollow\"><img decoding=\"async\" style=\"padding-left: 0px; vertical-align: text-top;\" src=\"https:\/\/rechtsanwalt.fr\/wp-content\/uploads\/2024\/03\/logo_web_epp_tax_posts.png\" alt=\"EPP TAX\" width=\"170\" height=\"25\"><\/a>\r\n<br>\r\nAvec le d\u00e9veloppement de notre branche d\u2019activit\u00e9 EPP TAX, nous accompagnons les soci\u00e9t\u00e9s fran\u00e7aises, belges et suisses et leurs filiales en Allemagne dans toutes les probl\u00e9matiques fiscales, comptables et de gestion des ressources humaines rencontr\u00e9es outre-Rhin.<br>\r\n<a style=\"font-family: Calibri Bold,Open Sans Bold; color: #0c795e;\" href=\"mailto:welcome@expertisecomptable.de\">welcome@expertisecomptable.de<\/a>\r\n<br>\n\n\n\n<div style=\"height:100px\" aria-hidden=\"true\" class=\"wp-block-spacer\"><\/div>\n","protected":false},"excerpt":{"rendered":"<p>21 avril 2026 En Allemagne, les charges sociales constituent un \u00e9l\u00e9ment essentiel du co\u00fbt du travail et participent au financement du syst\u00e8me de protection sociale. Employeurs et salari\u00e9s sont tenus de cotiser \u00e0 diff\u00e9rents r\u00e9gimes obligatoires, notamment l\u2019assurance maladie, l\u2019assurance vieillesse et l\u2019assurance ch\u00f4\u00admage. Voici une pr\u00e9sentation synth\u00e9tique des charges sociales des salari\u00e9s en Allemagne [&hellip;]<\/p>\n","protected":false},"author":19,"featured_media":0,"comment_status":"closed","ping_status":"open","sticky":false,"template":"","format":"standard","meta":{"inline_featured_image":false,"footnotes":""},"categories":[49],"tags":[],"class_list":["post-43275","post","type-post","status-publish","format-standard","hentry","category-droit-social-relation-et-contrat-de-travail"],"_links":{"self":[{"href":"https:\/\/rechtsanwalt.fr\/fr\/wp-json\/wp\/v2\/posts\/43275","targetHints":{"allow":["GET"]}}],"collection":[{"href":"https:\/\/rechtsanwalt.fr\/fr\/wp-json\/wp\/v2\/posts"}],"about":[{"href":"https:\/\/rechtsanwalt.fr\/fr\/wp-json\/wp\/v2\/types\/post"}],"author":[{"embeddable":true,"href":"https:\/\/rechtsanwalt.fr\/fr\/wp-json\/wp\/v2\/users\/19"}],"replies":[{"embeddable":true,"href":"https:\/\/rechtsanwalt.fr\/fr\/wp-json\/wp\/v2\/comments?post=43275"}],"version-history":[{"count":3,"href":"https:\/\/rechtsanwalt.fr\/fr\/wp-json\/wp\/v2\/posts\/43275\/revisions"}],"predecessor-version":[{"id":43284,"href":"https:\/\/rechtsanwalt.fr\/fr\/wp-json\/wp\/v2\/posts\/43275\/revisions\/43284"}],"wp:attachment":[{"href":"https:\/\/rechtsanwalt.fr\/fr\/wp-json\/wp\/v2\/media?parent=43275"}],"wp:term":[{"taxonomy":"category","embeddable":true,"href":"https:\/\/rechtsanwalt.fr\/fr\/wp-json\/wp\/v2\/categories?post=43275"},{"taxonomy":"post_tag","embeddable":true,"href":"https:\/\/rechtsanwalt.fr\/fr\/wp-json\/wp\/v2\/tags?post=43275"}],"curies":[{"name":"wp","href":"https:\/\/api.w.org\/{rel}","templated":true}]}}