{"id":45432,"date":"2020-06-18T12:32:00","date_gmt":"2020-06-18T10:32:00","guid":{"rendered":"https:\/\/rechtsanwalt.fr\/?p=45432"},"modified":"2026-08-21T14:57:13","modified_gmt":"2026-08-21T12:57:13","slug":"clauses-de-prescription-dans-les-contrats-de-travail-en-allemagne-notions-essentielles-et-impact-dune-decision-recente","status":"publish","type":"post","link":"https:\/\/rechtsanwalt.fr\/fr\/clauses-de-prescription-dans-les-contrats-de-travail-en-allemagne-notions-essentielles-et-impact-dune-decision-recente\/","title":{"rendered":"Clauses de prescription dans les contrats de travail en Allemagne : notions essentielles et impact d\u2019une d\u00e9cision r\u00e9cente"},"content":{"rendered":"\n<p>23 juillet 2026<\/p>\n\n\n<div class=\"boimg-circle-rechtsgebiete-team-kontakt boimg-left-space\">\n<div class=\"boimg-circle_img1\"><a href=\"https:\/\/rechtsanwalt.fr\/fr\/equipe\/ulrich-martin\/\"><img decoding=\"async\" src=\"https:\/\/rechtsanwalt.fr\/wp-content\/uploads\/2025\/07\/portrait_uli_martin_epp.jpg\"><\/a><\/div>\n<div class=\"botext-circle\"><a href=\"https:\/\/rechtsanwalt.fr\/fr\/equipe\/ulrich-martin\/\">Ulrich Martin <sup>DEA \/ DESE<\/sup><\/a><\/div>\n<div class=\"botext-circle-sub\">Rechtsanwalt<\/div>\n<div class=\"botext-circle-sub\"><a onclick=\"return gtag_report_conversion('mailto:martin@rechtsanwalt.fr');\" href=\"mailto:martin@rechtsanwalt.fr\">martin@rechtsanwalt.fr<\/a><\/div>\n<div class=\"botext-circle-sub-tel\"><a href=\"tel:0033388456545\">+33 (0) 3 88 45 65 45<\/a><\/div>\n<\/div>\n<div class=\"boimg-circle-rechtsgebiete-team-kontakt\">\n<div class=\"boimg-circle_img1\"><a href=\"https:\/\/rechtsanwalt.fr\/fr\/equipe\/michael-ott\/\"><img decoding=\"async\" src=\"https:\/\/rechtsanwalt.fr\/wp-content\/uploads\/2023\/02\/portrait_michael_ott_epp.jpg\"><\/a><\/div>\n<div class=\"botext-circle\"><a href=\"mailto:ott@rechtsanwalt.fr\">Michael Ott <sup>LL.M.<\/sup><\/a><\/div>\n<div class=\"botext-circle-sub\">Rechtsanwalt<\/div>\n<div class=\"botext-circle-sub\"><a onclick=\"return gtag_report_conversion('mailto:ott@rechtsanwalt.fr');\" href=\"mailto:ott@rechtsanwalt.fr\">ott@rechtsanwalt.fr<\/a><\/div>\n<div class=\"botext-circle-sub-tel\"><a href=\"tel:0033388456545\">+33 (0) 3 88 45 65 45<\/a><\/div>\n<\/div>\n<div class=\"boimg-circle-rechtsgebiete-team-kontakt\">\n<div class=\"boimg-circle_img1\"><a href=\"https:\/\/rechtsanwalt.fr\/fr\/equipe\/joerg-luft\/\"><img decoding=\"async\" src=\"https:\/\/rechtsanwalt.fr\/wp-content\/uploads\/2020\/04\/joerg_luft_webportrait_epp.jpg\"><\/a><\/div>\n<div class=\"botext-circle\"><a href=\"https:\/\/rechtsanwalt.fr\/fr\/equipe\/joerg-luft\/\">J\u00f6rg Luft<\/a><\/div>\n<div class=\"botext-circle-sub\">Rechtsanwalt<\/div>\n<div class=\"botext-circle-sub\"><a onclick=\"return gtag_report_conversion('mailto:luft@rechtsanwalt.fr');\" href=\"mailto:luft@rechtsanwalt.fr\">luft@rechtsanwalt.fr<\/a><\/div>\n<div class=\"botext-circle-sub-tel\"><a href=\"tel:00497221302370\">+49 (0) 7221 30 23 70<\/a><\/div>\n<\/div>\n<div style=\"height:20px\" class=\"wp-block-spacer\"><\/div>\n<div class=\"boimg-circle-rechtsgebiete-team-kontakt boimg-left-space\">\n<div class=\"boimg-circle_img1\"><a href=\"https:\/\/rechtsanwalt.fr\/fr\/equipe\/ninja-buks\/\"><img decoding=\"async\" src=\"https:\/\/rechtsanwalt.fr\/wp-content\/uploads\/2026\/06\/portrait_ninja_buks_epp.jpg\"><\/a><\/div>\n<div class=\"botext-circle\"><a href=\"https:\/\/rechtsanwalt.fr\/fr\/equipe\/ninja-buks\/\">Ninja Buks <sup>LL.M.<\/sup><\/a><\/div>\n<div class=\"botext-circle-sub\">Rechtsanw\u00e4ltin<\/div>\n<div class=\"botext-circle-sub\"><a onclick=\"return gtag_report_conversion('mailto:buks@rechtsanwalt.fr');\" href=\"mailto:buks@rechtsanwalt.fr\">buks@rechtsanwalt.fr<\/a><\/div>\n<div class=\"botext-circle-sub-tel\"><a href=\"tel:0033388456545\">+33 (0) 3 88 45 65 45<\/a><\/div>\n<\/div>\n<div style=\"height:40px\" class=\"wp-block-spacer\"><\/div>\n\n\n\n<p><\/p>\n\n\n\n<p>Si votre entreprise emploie du personnel en Allemagne (directement ou via une filiale), il est crucial de ma\u00eetriser les \u00ab <em>Ausschlussfristen<\/em> \u00bb (ou \u00ab&nbsp;<em>Verfallfristen<\/em>&nbsp;\u00bb), c\u2019est-\u00e0-dire les clauses de prescription sp\u00e9cifiques permettant de fixer un d\u00e9lai pour faire valoir ses droits dans le cadre d\u2019un contrat de travail.<\/p>\n\n\n\n<p id=\"block-5fd15d90-5702-462a-8912-a5d7448e7665\">Une nouvelle d\u00e9cision du Tribunal r\u00e9gional du travail du Bade-Wurtemberg pr\u00e9cise et actualise la port\u00e9e pratique de ce m\u00e9canisme.<\/p>\n\n\n\n<h2 class=\"wp-block-heading\" id=\"block-a5df8bca-db24-44ee-9065-bd4bd3a96ea7\">Les principes essentiels des \u00ab Ausschlussfristen \u00bb<\/h2>\n\n\n\n<h3 class=\"wp-block-heading\" id=\"block-cf516dac-38a4-46c3-bf89-88c8e380133a\">Qu\u2019est-ce qu\u2019une clause d\u2019exclusion ?<\/h3>\n\n\n\n<p id=\"block-01d274fd-79d4-41d5-aa11-f41f3a6cfcf5\">En droit du travail allemand, une \u00ab <em>Ausschlussfrist<\/em> \u00bb est une clause contractuelle qui impose aux salari\u00e9s et employeurs de faire valoir leurs r\u00e9clamations (ex : paiement de salaire, remboursement) dans un certain d\u00e9lai apr\u00e8s leur exigibilit\u00e9, faute de quoi le droit s\u2019\u00e9teint d\u00e9finitivement.<\/p>\n\n\n\n<h3 class=\"wp-block-heading\" id=\"block-c04139a2-c1b0-444c-bd8c-a794a39bece5\">\u00c0 quoi servent-elles ?<\/h3>\n\n\n\n<p id=\"block-d9583f60-8018-425b-88c7-788164d97061\">Elles instaurent une certaine s\u00e9curit\u00e9 et clart\u00e9 juridique pour les deux parties en fermant la porte \u00e0 des litiges tardifs plusieurs mois ou ann\u00e9es apr\u00e8s la fin du contrat.<\/p>\n\n\n\n<h3 class=\"wp-block-heading\" id=\"block-29db56f3-d8e5-4fc3-9312-92d8865e2515\">Conditions de validit\u00e9 :<\/h3>\n\n\n\n<ul id=\"block-fba87f18-bfc2-4481-9d00-3c815ccd7270\" class=\"wp-block-list\">\n<li><strong>D\u00e9lai minimal<\/strong> : chaque phase (r\u00e9clamation \u00e9crite, puis action en justice si besoin) doit laisser un certain d\u00e9lai raisonnable aux parties.<br><\/li>\n\n\n\n<li><strong>Transparence et \u00e9quit\u00e9<\/strong> : ces clauses doivent \u00eatre bien visibles, exemptes de surprises, formul\u00e9es pour prot\u00e9ger les deux parties (employeur et salari\u00e9) et \u00eatre compr\u00e9hensibles sans conseil juridique sp\u00e9cialis\u00e9. A d\u00e9faut, elles sont nulles.<br><\/li>\n\n\n\n<li><strong>Exceptions<\/strong> : certains droits fondamentaux, comme le salaire minimum l\u00e9gal, ne peuvent pas \u00eatre couverts par une telle clause. Si une clause couvre \u00e9galement ces droits fondamentaux sans r\u00e9serve explicite, elle est enti\u00e8rement nulle. Dans ce cas ce sont les d\u00e9lais de prescription l\u00e9gaux qui s\u2019appliquent.<br><\/li>\n\n\n\n<li><strong>Respect du droit allemand des conditions g\u00e9n\u00e9rales de contrat<\/strong> (AGB) : les personnes en charge des contrats doivent appliquer la r\u00e9glementation sur les clauses contractuelles types (transparence, proportionnalit\u00e9).<\/li>\n<\/ul>\n\n\n\n<h2 class=\"wp-block-heading\" id=\"block-b898b9f1-cce4-427e-9a6a-f462b58bff26\">Arr\u00eat de la Cour d\u2019appel du travail du Bade-Wurtemberg \u2014 Un arr\u00eat \u00e0 fort impact<\/h2>\n\n\n\n<p id=\"block-949cf2a7-060b-4d91-a731-c16e537ff987\">Une soci\u00e9t\u00e9 allemande avait ind\u00fbment vers\u00e9 \u00e0 son ancien salari\u00e9 une somme d\u2019argent apr\u00e8s la rupture du contrat de travail.<\/p>\n\n\n\n<p id=\"block-80abe2ca-bfb8-4514-a36c-15004acb729b\">L\u2019employeur a tent\u00e9 d'en obtenir le remboursement, mais la proc\u00e9dure s\u2019est complexifi\u00e9e, alternant entre d\u00e9marches internes et contentieuses.<\/p>\n\n\n\n<p id=\"block-cf02242d-1362-46c9-8c22-0535dc9ebeee\">La question centrale du litige portait sur la validit\u00e9 des d\u00e9marches entreprises pour \u00ab interrompre \u00bb le d\u00e9lai de prescription pr\u00e9vue par la clause de prescription dans le contrat de travail, en particulier quand la premi\u00e8re action en justice s\u2019av\u00e8re irrecevable (LAG Baden-W\u00fcrttemberg, 28.01.2026 \u2013 4 Sa 41\/25 - BeckRS 2026, 2115).<\/p>\n\n\n\n<h3 class=\"wp-block-heading\" id=\"block-6e86a75c-05ce-41de-8b34-9b0fc4d85ed6\">Ce que dit le tribunal :<\/h3>\n\n\n\n<ul id=\"block-cb8ace51-8568-4abc-a044-44c94f4de59c\" class=\"wp-block-list\">\n<li>Le droit au remboursement existe en th\u00e9orie.<br><\/li>\n\n\n\n<li>Toutefois, la soci\u00e9t\u00e9 a perdu son droit d\u2019agir car elle n\u2019a pas respect\u00e9 la deuxi\u00e8me \u00e9tape de la clause de prescription, c\u2019est-\u00e0-dire d\u00e9poser \u00e0 nouveau une action en justice dans le d\u00e9lai requis apr\u00e8s avoir constat\u00e9 l\u2019irrecevabilit\u00e9 de la premi\u00e8re proc\u00e9dure.<br><\/li>\n\n\n\n<li>Une action en justice, si elle est jug\u00e9e irrecevable (c\u2019est-\u00e0-dire non examin\u00e9e sur le fond), n\u2019interrompt pas automatiquement le d\u00e9lai de la clause de prescription. Une nouvelle action doit \u00eatre engag\u00e9e rapidement, sinon la cr\u00e9ance est d\u00e9finitivement perdue.<\/li>\n<\/ul>\n\n\n\n<h3 class=\"wp-block-heading\" id=\"block-759d6da0-f497-4ae9-aa93-40d949d76f30\">Cons\u00e9quences concr\u00e8tes pour les employeurs<\/h3>\n\n\n\n<ul id=\"block-1f285782-8fcb-4ffb-8647-ff3e1f79f1b9\" class=\"wp-block-list\">\n<li>Le respect scrupuleux des d\u00e9lais et formes impos\u00e9s par les clauses de prescription est essentiel : m\u00eame une erreur proc\u00e9durale peut entra\u00eener la perte d\u00e9finitive d\u2019un droit de cr\u00e9ance.<br><\/li>\n\n\n\n<li>Lorsqu\u2019une action judiciaire est irrecevable, il faut r\u00e9agir imm\u00e9diatement (soit faire appel, soit d\u00e9poser \u00e0 nouveau une action recevable), sauf \u00e0 risquer la forclusion.<br><\/li>\n\n\n\n<li>Prudence dans la r\u00e9daction et la gestion post\u00e9rieure au contrat : un suivi rigoureux des contentieux et des relances internes est indispensable pour ne pas perdre vos droits.<\/li>\n<\/ul>\n\n\n\n<h2 class=\"wp-block-heading\" id=\"block-df8d9525-22b9-48d5-b6f8-4e7fac0f2b5f\">Recommandations pratiques<\/h2>\n\n\n\n<ul id=\"block-6b7ca1b4-7c8d-47a8-89da-c6194cdc20dd\" class=\"wp-block-list\">\n<li><strong>Pour les RH et dirigeants francophones<\/strong> ayant des employ\u00e9s en Allemagne : identifiez syst\u00e9matiquement les clauses de prescription dans vos contrats de travail allemands et tenez un calendrier pr\u00e9cis des \u00e9ch\u00e9ances pour la gestion des litiges.<br><\/li>\n\n\n\n<li><strong>M\u00eame en cas d\u2019erreur de proc\u00e9dure<\/strong>, agissez imm\u00e9diatement afin de pr\u00e9server vos droits.<br><\/li>\n\n\n\n<li><strong>Faites v\u00e9rifier vos mod\u00e8les de contrats par un sp\u00e9cialiste du droit du travail allemand<\/strong> pour s\u00e9curiser leur validit\u00e9 et conformit\u00e9. La jurisprudence et la l\u00e9gislation n\u00e9cessitent des mises \u00e0 jour fr\u00e9quentes, sans lesquelles la clause utilis\u00e9e peut devenir invalide.<br><\/li>\n\n\n\n<li><strong>Les clauses d\u2019exclusion ne prot\u00e8gent pas contre tout<\/strong> : certaines cr\u00e9ances salariales sont exclues de leur champ d\u2019application.<\/li>\n<\/ul>\n\n\n\n<h2 class=\"wp-block-heading\" id=\"block-0db044a9-9c2c-472d-a272-480cdd18706e\">Conclusion<\/h2>\n\n\n\n<p id=\"block-9a792e80-1429-4454-95b0-56e85ef73198\">La jurisprudence allemande impose aux entreprises une discipline stricte dans la gestion des d\u00e9lais, sous peine de perdre la possibilit\u00e9 de faire valoir leurs droits.<\/p>\n\n\n\n<p id=\"block-9331620b-1380-4d1d-853c-87b5cae43ca6\">Ce rappel est d\u2019autant plus important pour les responsables RH internationaux travaillant avec des contrats de travail allemands.<\/p>\n\n\n\n<h2 class=\"wp-block-heading\" id=\"block-21cfdf33-f20e-4a7c-88ba-32f624d3f957\">Envisagez-vous d\u2019embaucher des salari\u00e9s ou d\u2019actualiser vos contrats de travail en Allemagne ?<\/h2>\n\n\n\n<p>Pour toute question sur ces sujets, notre \u00e9quipe en droit allemand est \u00e0 votre disposition&nbsp;: <strong><a href=\"mailto:welcome@rechtsanwalt.fr\">welcome@rechtsanwalt.fr<\/a><\/strong><\/p>\n\n\n\n<div style=\"height:20px\" aria-hidden=\"true\" class=\"wp-block-spacer\"><\/div>\n\n\n\n<a href=\"mailto:welcome@rechtsanwalt.fr\" target=\"_blank\" class=\"print-link\" rel=\"noopener noreferrer\">Nous contacter<\/a>\n\n\n\n<div style=\"height:60px\" aria-hidden=\"true\" class=\"wp-block-spacer\"><\/div>\n\n\n\n<br>\n<a href=\"https:\/\/expertisecomptable.de\" target=\"_blank\" rel=\"noopener noreferrer nofollow\"><img decoding=\"async\" style=\"padding-left: 0px; vertical-align: text-top;\" src=\"https:\/\/rechtsanwalt.fr\/wp-content\/uploads\/2024\/03\/logo_web_epp_tax_posts.png\" alt=\"EPP TAX\" width=\"170\" height=\"25\"><\/a>\n<br>\nAvec le d\u00e9veloppement de notre branche d\u2019activit\u00e9 EPP TAX, nous accompagnons les soci\u00e9t\u00e9s fran\u00e7aises, belges et suisses et leurs filiales en Allemagne dans toutes les probl\u00e9matiques fiscales, comptables et de gestion des ressources humaines rencontr\u00e9es outre-Rhin.<br>\n<a style=\"font-family: Calibri Bold,Open Sans Bold; color: #0c795e;\" href=\"mailto:welcome@expertisecomptable.de\">welcome@expertisecomptable.de<\/a>\n<br>\n\n\n\n<div style=\"height:100px\" aria-hidden=\"true\" class=\"wp-block-spacer\"><\/div>\n\n\n\n<div style=\"height:100px\" aria-hidden=\"true\" class=\"wp-block-spacer\"><\/div>\n","protected":false},"excerpt":{"rendered":"<p>23 juillet 2026 Si votre entreprise emploie du personnel en Allemagne (directement ou via une filiale), il est crucial de ma\u00eetriser les \u00ab Ausschlussfristen \u00bb (ou \u00ab&nbsp;Verfallfristen&nbsp;\u00bb), c\u2019est-\u00e0-dire les clauses de prescription sp\u00e9cifiques permettant de fixer un d\u00e9lai pour faire valoir ses droits dans le cadre d\u2019un contrat de travail. Une nouvelle d\u00e9cision du Tribunal [&hellip;]<\/p>\n","protected":false},"author":19,"featured_media":0,"comment_status":"closed","ping_status":"open","sticky":false,"template":"","format":"standard","meta":{"inline_featured_image":false,"footnotes":""},"categories":[49],"tags":[],"class_list":["post-45432","post","type-post","status-publish","format-standard","hentry","category-droit-social-relation-et-contrat-de-travail"],"_links":{"self":[{"href":"https:\/\/rechtsanwalt.fr\/fr\/wp-json\/wp\/v2\/posts\/45432","targetHints":{"allow":["GET"]}}],"collection":[{"href":"https:\/\/rechtsanwalt.fr\/fr\/wp-json\/wp\/v2\/posts"}],"about":[{"href":"https:\/\/rechtsanwalt.fr\/fr\/wp-json\/wp\/v2\/types\/post"}],"author":[{"embeddable":true,"href":"https:\/\/rechtsanwalt.fr\/fr\/wp-json\/wp\/v2\/users\/19"}],"replies":[{"embeddable":true,"href":"https:\/\/rechtsanwalt.fr\/fr\/wp-json\/wp\/v2\/comments?post=45432"}],"version-history":[{"count":8,"href":"https:\/\/rechtsanwalt.fr\/fr\/wp-json\/wp\/v2\/posts\/45432\/revisions"}],"predecessor-version":[{"id":45699,"href":"https:\/\/rechtsanwalt.fr\/fr\/wp-json\/wp\/v2\/posts\/45432\/revisions\/45699"}],"wp:attachment":[{"href":"https:\/\/rechtsanwalt.fr\/fr\/wp-json\/wp\/v2\/media?parent=45432"}],"wp:term":[{"taxonomy":"category","embeddable":true,"href":"https:\/\/rechtsanwalt.fr\/fr\/wp-json\/wp\/v2\/categories?post=45432"},{"taxonomy":"post_tag","embeddable":true,"href":"https:\/\/rechtsanwalt.fr\/fr\/wp-json\/wp\/v2\/tags?post=45432"}],"curies":[{"name":"wp","href":"https:\/\/api.w.org\/{rel}","templated":true}]}}