{"id":7644,"date":"2020-06-23T18:00:00","date_gmt":"2020-06-23T16:00:00","guid":{"rendered":"https:\/\/rechtsanwalt.fr\/?p=7644"},"modified":"2025-12-22T15:59:04","modified_gmt":"2025-12-22T14:59:04","slug":"mini-jobs-activite-reduite-avec-exoneration-de-charges-sociales-et-travail-sur-appel-en-allemagne-obligations-incombant-a-lemployeur","status":"publish","type":"post","link":"https:\/\/rechtsanwalt.fr\/fr\/mini-jobs-activite-reduite-avec-exoneration-de-charges-sociales-et-travail-sur-appel-en-allemagne-obligations-incombant-a-lemployeur\/","title":{"rendered":"\u00ab Minijobs \u00bb (activit\u00e9 r\u00e9duite avec exon\u00e9ration de charges sociales) et travail sur appel en Allemagne : obligations incombant \u00e0 l\u2019employeur"},"content":{"rendered":"\n<p>4 juin 2020<\/p>\n\n\n<div class=\"boimg-circle-rechtsgebiete-team-kontakt boimg-left-space\">\n<div class=\"boimg-circle_img1\"><a href=\"https:\/\/rechtsanwalt.fr\/fr\/equipe\/ulrich-martin\/\"><img decoding=\"async\" src=\"https:\/\/rechtsanwalt.fr\/wp-content\/uploads\/2025\/05\/portrait_uli_martin_epp.jpg\"><\/a><\/div>\n<div class=\"botext-circle\"><a href=\"https:\/\/rechtsanwalt.fr\/fr\/equipe\/ulrich-martin\/\">Ulrich Martin <sup>DEA \/ DESE<\/sup><\/a><\/div>\n<div class=\"botext-circle-sub\">Rechtsanwalt<\/div>\n<div class=\"botext-circle-sub\"><a onclick=\"return gtag_report_conversion('mailto:martin@rechtsanwalt.fr');\" href=\"mailto:martin@rechtsanwalt.fr\">martin@rechtsanwalt.fr<\/a><\/div>\n<div class=\"botext-circle-sub-tel\"><a href=\"tel:0033388456545\">+33 (0) 3 88 45 65 45<\/a><\/div>\n<\/div>\n<div class=\"boimg-circle-rechtsgebiete-team-kontakt\">\n<div class=\"boimg-circle_img1\"><a href=\"https:\/\/rechtsanwalt.fr\/fr\/equipe\/joerg-luft\/\"><img decoding=\"async\" src=\"https:\/\/rechtsanwalt.fr\/wp-content\/uploads\/2021\/05\/joerg_luft_webportrait_epp.jpg\"><\/a><\/div>\n<div class=\"botext-circle\"><a href=\"https:\/\/rechtsanwalt.fr\/fr\/equipe\/joerg-luft\/\">J\u00f6rg Luft<\/a><\/div>\n<div class=\"botext-circle-sub\">Rechtsanwalt<\/div>\n<div class=\"botext-circle-sub\"><a onclick=\"return gtag_report_conversion('mailto:luft@rechtsanwalt.fr');\" href=\"mailto:luft@rechtsanwalt.fr\">luft@rechtsanwalt.fr<\/a><\/div>\n<div class=\"botext-circle-sub-tel\"><a href=\"tel:00497221302370\">+49 (0) 7221 30 23 70<\/a><\/div>\n<\/div>\n<div class=\"boimg-circle-rechtsgebiete-team-kontakt\">\n<div class=\"boimg-circle_img1\"><a href=\"https:\/\/rechtsanwalt.fr\/fr\/equipe\/michael-ott\/\"><img decoding=\"async\" src=\"https:\/\/rechtsanwalt.fr\/wp-content\/uploads\/2023\/02\/portrait_michael_ott_epp.jpg\"><\/a><\/div>\n<div class=\"botext-circle\"><a href=\"mailto:ott@rechtsanwalt.fr\">Michael Ott <sup>LL.M.<\/sup><\/a><\/div>\n<div class=\"botext-circle-sub\">Rechtsanwalt<\/div>\n<div class=\"botext-circle-sub\"><a onclick=\"return gtag_report_conversion('mailto:ott@rechtsanwalt.fr');\" href=\"mailto:ott@rechtsanwalt.fr\">ott@rechtsanwalt.fr<\/a><\/div>\n<div class=\"botext-circle-sub-tel\"><a href=\"tel:0033388456545\">+33 (0) 3 88 45 65 45<\/a><\/div>\n<\/div>\n<div style=\"height:40px\" class=\"wp-block-spacer\"><\/div>\n\n\n\n<p><strong>Les employeurs en Allemagne employant des salari\u00e9s dans le cadre d\u2019un travail sur appel sans fixer de dur\u00e9e de travail hebdomadaire doivent tenir compte d\u2019une modification l\u00e9gislative intervenue d\u00e9but 2019 et prendre les mesures n\u00e9cessaires pour \u00e9viter que le \u00ab&nbsp;Minijob&nbsp;\u00bb ne devienne une activit\u00e9 soumise \u00e0 cotisations sociales.<\/strong><\/p>\n\n\n\n<h2 class=\"wp-block-heading\">Qu\u2019entend-on par \u00ab&nbsp;Minijob&nbsp;\u00bb en Allemagne&nbsp;?<\/h2>\n\n\n\n<p>Les emplois appel\u00e9s \u00ab&nbsp;Minijobs&nbsp;\u00bb sont des emplois dans le cadre desquels la r\u00e9mun\u00e9ration r\u00e9guli\u00e8rement vers\u00e9e n\u2019exc\u00e8de pas un plafond l\u00e9galement d\u00e9fini, actuellement 556 euros bruts par mois (emplois \u00e0 salaire r\u00e9duit), ou pour lesquels la dur\u00e9e de validit\u00e9 du contrat est br\u00e8ve (emplois de courte dur\u00e9e).<\/p>\n\n\n\n<p>Dans le cas d\u2019un tel emploi, c\u2019est l\u2019employeur qui supporte la retenue \u00e0 la source de l\u2019imp\u00f4t sur le revenu (\u00ab&nbsp;<em>Lohnsteuer<\/em>&nbsp;\u00bb), la contribution de solidarit\u00e9 (\u00ab&nbsp;<em>Solidarit\u00e4tszuschlag<\/em>&nbsp;\u00bb) et l\u2019imp\u00f4t du culte (\u00ab&nbsp;<em>Kirchensteuer<\/em>&nbsp;\u00bb) ainsi que les cotisations de s\u00e9curit\u00e9 sociale.  <\/p>\n\n\n\n<p>Le salari\u00e9 embauch\u00e9 dans le cadre d\u2019un \u00ab&nbsp;Minijob&nbsp;\u00bb est exon\u00e9r\u00e9 des cotisations d\u2019assurances maladie, de d\u00e9pendance et de ch\u00f4mage obligatoires. Il est possible pour de tels salari\u00e9s de se voir \u00e9galement exon\u00e9rer des cotisations d\u2019assurance vieillesse. <\/p>\n\n\n\n<h2 class=\"wp-block-heading\">Qu\u2019entend-on par travail sur appel en Allemagne&nbsp;?<\/h2>\n\n\n\n<p>Par travail sur appel, on entend une convention selon laquelle le salari\u00e9 doit\nfournir sa prestation en fonction de la charge de travail sur d\u00e9cision\nunilat\u00e9rale de l\u2019employeur.<\/p>\n\n\n\n<p>Le travail sur appel peut \u00eatre effectu\u00e9 dans le cadre, soit d\u2019un travail \u00e0 temps partiel, soit d\u2019un travail \u00e0 dur\u00e9e d\u00e9termin\u00e9e. Les \u00ab&nbsp;Minijobs&nbsp;\u00bb \u00e0 556 euros par mois font \u00e9galement partie de cette cat\u00e9gorie. <\/p>\n\n\n\n<p>Au titre des emplois sur appel dans le cadre desquels aucune dur\u00e9e de travail n\u2019a \u00e9t\u00e9 convenue, la loi allemande sur le temps partiel et les contrats de travail \u00e0 dur\u00e9e d\u00e9termin\u00e9e pr\u00e9voient des dispositions sp\u00e9cifiques pour la protection des salari\u00e9s. Ces dispositions relatives au droit du travail ont \u00e9galement une incidence sur les cotisations sociales. C\u2019est pourquoi un \u00ab&nbsp;Minijob&nbsp;\u00bb \u00e0 556 euros peut vite \u00eatre requalifi\u00e9 en activit\u00e9 salariale soumise aux cotisations sociales.<\/p>\n\n\n\n<p>Dans le cadre du travail sur appel, un certain nombre de dispositions l\u00e9gales doivent \u00eatre respect\u00e9es. Ainsi, les dur\u00e9es de travail journali\u00e8re et hebdomadaire doivent \u00eatre fix\u00e9es dans la convention portant sur le travail sur appel. Dans le cas contraire, il est consid\u00e9r\u00e9 que la dur\u00e9e de travail hebdomadaire de 20 heures pr\u00e9vue par la loi est convenue. Ainsi, tous les \u00e9l\u00e9ments de r\u00e9mun\u00e9ration en lien avec cette dur\u00e9e de travail th\u00e9orique sont \u00e9galement dus ou peuvent faire l\u2019objet de pr\u00e9tentions de la part du salari\u00e9 en application des dispositions du droit du travail.  <\/p>\n\n\n\n<p>Sur la base de cette dur\u00e9e du travail th\u00e9orique de 20 heures hebdomadaires \u00e0 respecter en raison de l\u2019absence de convention avec le salari\u00e9, le montant de la r\u00e9mun\u00e9ration due d\u00e9passera vite, en application du salaire minimum de 12,82 euros bruts applicable en Allemagne depuis janvier 2025, les 556 euros. Dans ce cas, les salari\u00e9s concern\u00e9s ne peuvent plus \u00eatre employ\u00e9s dans le cadre d\u2019un \u00ab&nbsp;Minijob&nbsp;\u00bb mais doivent faire l\u2019objet d\u2019une d\u00e9claration aupr\u00e8s des organismes de s\u00e9curit\u00e9 sociale en tant que salari\u00e9s assujettis aux cotisations sociales. <\/p>\n\n\n\n<h2 class=\"wp-block-heading\">Travail sur appel \u2013 Recommandation pour les employeurs en Allemagne<\/h2>\n\n\n\n<p> Il est ainsi recommand\u00e9 aux employeurs en Allemagne, employant des salari\u00e9s dans le cadre d\u2019un travail sur appel sans avoir convenu la dur\u00e9e de travail, de fixer par \u00e9crit la dur\u00e9e de travail hebdomadaire avec le salari\u00e9. Ils doivent ainsi convenir d\u2019une dur\u00e9e de travail hebdomadaire minimale ou maximale. Dans ce contexte, il est important de veiller \u00e0 ce que le salari\u00e9 ne travaille pas plus que 25 % de la dur\u00e9e de travail minimale convenue et pas moins de 20 % de la dur\u00e9e de travail maximale convenue.  <\/p>\n\n\n\n<div style=\"height:5px\" aria-hidden=\"true\" class=\"wp-block-spacer\"><\/div>\n\n\n\n<p>Notre \u00e9quipe reste \u00e0 votre disposition pour toute question \u00e0 ce sujet.<\/p>\n\n\n\n<p><strong><a href=\"mailto:welcome@rechtsanwalt.fr\">welcome@rechtsanwalt.fr<\/a><\/strong><\/p>\n\n\n\n<div style=\"height:20px\" aria-hidden=\"true\" class=\"wp-block-spacer\"><\/div>\n\n\n\n<iframe loading=\"lazy\" src=\"https:\/\/rechtsanwalt.fr\/wp-content\/uploads\/2025\/01\/2020-06-04_Minijobs-et-travail-sur-appel-en-Allemagne-obligations-incombant-a-lemployeur_UM-JL-MO.pdf\" id=\"printFrame\" width=\"0\" height=\"0\" frameborder=\"0\"><\/iframe>\n<a href=\"https:\/\/rechtsanwalt.fr\/wp-content\/uploads\/2025\/01\/2020-06-04_Minijobs-et-travail-sur-appel-en-Allemagne-obligations-incombant-a-lemployeur_UM-JL-MO.pdf\" target=\"_blank\" class=\"print-link\" rel=\"noopener noreferrer\">Ouvrir PDF<\/a>\n<a class=\"print-link\" onclick=\"print()\">Imprimer<\/a>\n\n\n\n<div style=\"height:100px\" aria-hidden=\"true\" class=\"wp-block-spacer\"><\/div>\n","protected":false},"excerpt":{"rendered":"<p>4 juin 2020 Les employeurs en Allemagne employant des salari\u00e9s dans le cadre d\u2019un travail sur appel sans fixer de dur\u00e9e de travail hebdomadaire doivent tenir compte d\u2019une modification l\u00e9gislative intervenue d\u00e9but 2019 et prendre les mesures n\u00e9cessaires pour \u00e9viter que le \u00ab&nbsp;Minijob&nbsp;\u00bb ne devienne une activit\u00e9 soumise \u00e0 cotisations sociales. Qu\u2019entend-on par \u00ab&nbsp;Minijob&nbsp;\u00bb en [&hellip;]<\/p>\n","protected":false},"author":3,"featured_media":0,"comment_status":"closed","ping_status":"open","sticky":false,"template":"","format":"standard","meta":{"inline_featured_image":false,"footnotes":""},"categories":[49],"tags":[],"class_list":["post-7644","post","type-post","status-publish","format-standard","hentry","category-droit-social-relation-et-contrat-de-travail"],"_links":{"self":[{"href":"https:\/\/rechtsanwalt.fr\/fr\/wp-json\/wp\/v2\/posts\/7644","targetHints":{"allow":["GET"]}}],"collection":[{"href":"https:\/\/rechtsanwalt.fr\/fr\/wp-json\/wp\/v2\/posts"}],"about":[{"href":"https:\/\/rechtsanwalt.fr\/fr\/wp-json\/wp\/v2\/types\/post"}],"author":[{"embeddable":true,"href":"https:\/\/rechtsanwalt.fr\/fr\/wp-json\/wp\/v2\/users\/3"}],"replies":[{"embeddable":true,"href":"https:\/\/rechtsanwalt.fr\/fr\/wp-json\/wp\/v2\/comments?post=7644"}],"version-history":[{"count":1,"href":"https:\/\/rechtsanwalt.fr\/fr\/wp-json\/wp\/v2\/posts\/7644\/revisions"}],"predecessor-version":[{"id":41588,"href":"https:\/\/rechtsanwalt.fr\/fr\/wp-json\/wp\/v2\/posts\/7644\/revisions\/41588"}],"wp:attachment":[{"href":"https:\/\/rechtsanwalt.fr\/fr\/wp-json\/wp\/v2\/media?parent=7644"}],"wp:term":[{"taxonomy":"category","embeddable":true,"href":"https:\/\/rechtsanwalt.fr\/fr\/wp-json\/wp\/v2\/categories?post=7644"},{"taxonomy":"post_tag","embeddable":true,"href":"https:\/\/rechtsanwalt.fr\/fr\/wp-json\/wp\/v2\/tags?post=7644"}],"curies":[{"name":"wp","href":"https:\/\/api.w.org\/{rel}","templated":true}]}}