{"id":7668,"date":"2020-06-23T14:00:00","date_gmt":"2020-06-23T12:00:00","guid":{"rendered":"https:\/\/rechtsanwalt.fr\/?p=7668"},"modified":"2021-07-22T17:34:55","modified_gmt":"2021-07-22T15:34:55","slug":"information-des-salaries-allemands-de-leur-solde-de-conges-non-pris","status":"publish","type":"post","link":"https:\/\/rechtsanwalt.fr\/fr\/information-des-salaries-allemands-de-leur-solde-de-conges-non-pris\/","title":{"rendered":"Information des salari\u00e9s allemands sur leur solde de cong\u00e9s non pris"},"content":{"rendered":"\n<p>30 juillet 2020<\/p>\n\n\n<div class=\"boimg-circle-rechtsgebiete-team-kontakt boimg-left-space\">\n<div class=\"boimg-circle_img1\"><a href=\"https:\/\/rechtsanwalt.fr\/fr\/equipe\/ulrich-martin\/\"><img decoding=\"async\" src=\"https:\/\/rechtsanwalt.fr\/wp-content\/uploads\/2020\/04\/ulrich_martin_webportrait_epp.jpg\"><\/a><\/div>\n<div class=\"botext-circle\"><a href=\"https:\/\/rechtsanwalt.fr\/fr\/equipe\/ulrich-martin\/\">Ulrich Martin <sup>DEA \/ DESE<\/sup><\/a><\/div>\n<div class=\"botext-circle-sub\">Rechtsanwalt<\/div>\n<div class=\"botext-circle-sub\"><a onclick=\"return gtag_report_conversion('mailto:martin@rechtsanwalt.fr');\" href=\"mailto:martin@rechtsanwalt.fr\">martin@rechtsanwalt.fr<\/a><\/div>\n<div class=\"botext-circle-sub-tel\"><a href=\"tel:0033388456545\">+33 (0) 3 88 45 65 45<\/a><\/div>\n<\/div>\n<div class=\"boimg-circle-rechtsgebiete-team-kontakt\">\n<div class=\"boimg-circle_img1\"><a href=\"https:\/\/rechtsanwalt.fr\/fr\/equipe\/joerg-luft\/\"><img decoding=\"async\" src=\"https:\/\/rechtsanwalt.fr\/wp-content\/uploads\/2020\/04\/joerg_luft_webportrait_epp.jpg\"><\/a><\/div>\n<div class=\"botext-circle\"><a href=\"https:\/\/rechtsanwalt.fr\/fr\/equipe\/joerg-luft\/\">J\u00f6rg Luft<\/a><\/div>\n<div class=\"botext-circle-sub\">Rechtsanwalt<\/div>\n<div class=\"botext-circle-sub\"><a onclick=\"return gtag_report_conversion('mailto:luft@rechtsanwalt.fr');\" href=\"mailto:luft@rechtsanwalt.fr\">luft@rechtsanwalt.fr<\/a><\/div>\n<div class=\"botext-circle-sub-tel\"><a href=\"tel:00497221302370\">+49 (0) 7221 30 23 70<\/a><\/div>\n<\/div>\n<div style=\"height:40px\" class=\"wp-block-spacer\"><\/div>\n\n\n\n<p>En Allemagne, les employeurs doivent d\u00e9sormais activement inviter leurs\nsalari\u00e9s \u00e0 poser les jours de cong\u00e9s qu\u2019il leur reste en leur rappelant qu\u2019\u00e0\nd\u00e9faut, ces jours de cong\u00e9s seront perdus. C\u2019est ce qui ressort d\u2019une nouvelle\njurisprudence de la Cour f\u00e9d\u00e9rale allemande du travail faisant application du\ndroit europ\u00e9en applicable en la mati\u00e8re. <\/p>\n\n\n\n<p>En Allemagne, contrairement \u00e0 la France, la p\u00e9riode l\u00e9gale de prise des\ncong\u00e9s est l\u2019ann\u00e9e civile. Ainsi, les salari\u00e9s outre-Rhin\ndoivent en principe avoir sold\u00e9 leurs cong\u00e9s au plus tard \u00e0 la fin de l\u2019ann\u00e9e,\nsous peine de perdre leurs droits.<\/p>\n\n\n\n<p>Dans un arr\u00eat rendu par la Cour f\u00e9d\u00e9rale en la\nmati\u00e8re, celle-ci pose le principe selon lequel <strong>les employeurs sont tenus d\u2019informer leurs salari\u00e9s \u00ab&nbsp;<em>de mani\u00e8re claire et suffisamment \u00e0 l\u2019avance\n<\/em>\u00bb de leur solde de jours de cong\u00e9s non pris. <\/strong><\/p>\n\n\n\n<p>L\u2019article 7 alin\u00e9a 3 phrase 1 de la loi f\u00e9d\u00e9rale sur\nles cong\u00e9s pay\u00e9s (<em>Bundesurlaubsgesetz<\/em>)\npr\u00e9voit que les cong\u00e9s non accord\u00e9s et non pris jusqu\u2019\u00e0 la fin de l\u2019ann\u00e9e sont\nperdus. Auparavant, la jurisprudence allemande consid\u00e9rait que cela\ns\u2019appliquait m\u00eame dans le cas o\u00f9 le salari\u00e9 avait fait une demande de cong\u00e9s aupr\u00e8s\nde l\u2019employeur en temps voulu mais n\u2019avait pas obtenu l\u2019accord de ce dernier.<\/p>\n\n\n\n<p>D\u00e9sormais, le droit du salari\u00e9 \u00e0 cong\u00e9s pay\u00e9s ne s\u2019\u00e9teint\nen r\u00e8gle g\u00e9n\u00e9rale \u00e0 la fin de l\u2019ann\u00e9e civile que si l\u2019employeur a pr\u00e9alablement\net express\u00e9ment inform\u00e9 le salari\u00e9 sur son solde de jours de cong\u00e9s et sur les\nd\u00e9lais de forclusion et si, en d\u00e9pit de cela, le salari\u00e9 n\u2019a pas pris ses\ncong\u00e9s de sa propre initiative. En cons\u00e9quence, tout employeur allemand a\nl\u2019obligation d\u2019informer son personnel clairement et suffisamment \u00e0 l\u2019avance de\nce que les droits \u00e0 cong\u00e9s pay\u00e9s seront perdus \u00e0 la fin de la p\u00e9riode de\nr\u00e9f\u00e9rence (soit l\u2019ann\u00e9e civile) ou de la p\u00e9riode de report (en Allemagne,\ng\u00e9n\u00e9ralement jusqu\u2019au 31 mars de l\u2019ann\u00e9e N + 1) si le salari\u00e9 ne prend pas ses\ncong\u00e9s.<\/p>\n\n\n\n<h2 class=\"wp-block-heading\">Quand un employeur allemand doit-il informer ses salari\u00e9s de leur solde de jours de cong\u00e9s non pris&nbsp;?<\/h2>\n\n\n\n<p>Les juges f\u00e9d\u00e9raux n\u2019ont pas encore statu\u00e9 sur la question de savoir quand il y a lieu de consid\u00e9rer que cette information est intervenue suffisamment \u00e0 l\u2019avance. En tout \u00e9tat de cause, cette information doit intervenir suffisamment t\u00f4t pour que le cong\u00e9 restant puisse encore \u00eatre pris en totalit\u00e9 dans la p\u00e9riode comprise entre le moment de l\u2019information et la date d'expiration du d\u00e9lai de prise des cong\u00e9s.<\/p>\n\n\n\n<h2 class=\"wp-block-heading\">Que doit contenir l\u2019information des salari\u00e9s et sous quelle forme doit-elle intervenir ?<\/h2>\n\n\n\n<p>Selon\nla jurisprudence de la Cour f\u00e9d\u00e9rale allemande du travail, l\u2019obligation\nd\u2019information est remplie d\u00e8s lors qu\u2019en d\u00e9but d\u2019ann\u00e9e civile, l\u2019employeur\nadresse un courrier au salari\u00e9 <\/p>\n\n\n\n<ul class=\"wp-block-list\"><li>lui\nindiquant son solde de cong\u00e9s pay\u00e9s,<\/li><li>lui\ndemandant de poser ses cong\u00e9s annuels en temps voulu afin de pouvoir les prendre\ndurant l\u2019ann\u00e9e en cours et<\/li><li>l\u2019informant\ndes cons\u00e9quences d'une demande de prise des cong\u00e9s pay\u00e9s qui interviendrait en\nm\u00e9connaissance de ces modalit\u00e9s.<\/li><\/ul>\n\n\n\n<h2 class=\"wp-block-heading\">Quelles sont les cons\u00e9quences du non-respect de l'obligation d'information ?<\/h2>\n\n\n\n<p>Si\nl'employeur ne satisfait pas aux exigences de la jurisprudence, le cong\u00e9 non\npris au 31 d\u00e9cembre de l\u2019ann\u00e9e de r\u00e9f\u00e9rence est ajout\u00e9 au droit \u00e0 cong\u00e9s\nnaissant le 1er janvier de l'ann\u00e9e suivante. <\/p>\n\n\n\n<p><strong>Ceci s'applique<\/strong> d\u2019apr\u00e8s la\njurisprudence r\u00e9cente - et contre la jurisprudence ant\u00e9rieure des tribunaux du\ntravail allemands - <strong>\u00e9galement aux droits\n\u00e0 cong\u00e9s pay\u00e9s des ann\u00e9es pr\u00e9c\u00e9dentes.<\/strong><\/p>\n\n\n\n<h2 class=\"wp-block-heading\">Comment les employeurs allemands doivent-ils d\u00e9sormais agir concr\u00e8tement ?<\/h2>\n\n\n\n<p>Pour\n\u00e9viter le cumul de droits \u00e0 cong\u00e9s pay\u00e9s sur plusieurs ann\u00e9es, l\u2019employeur peut\nrattraper son obligation d\u2019information pour les cong\u00e9s des ann\u00e9es pr\u00e9c\u00e9dentes\ndurant l\u2019ann\u00e9e en cours selon les modalit\u00e9s suivantes&nbsp;: <\/p>\n\n\n\n<ul class=\"wp-block-list\"><li>Si\nl\u2019employeur n'a pas encore mis en \u0153uvre les r\u00e8gles pos\u00e9es par la jurisprudence\nsur l'obligation d\u2019information, de sorte que ses salari\u00e9s disposent d\u2019\u00e9ventuels\ndroits r\u00e9siduels \u00e0 cong\u00e9s au titre des ann\u00e9es pr\u00e9c\u00e9dentes, <strong>il faudrait en tout \u00e9tat de cause se rattraper le plus rapidement\npossible.<\/strong> Afin de s\u2019assurer que les salari\u00e9s soient effectivement en mesure\nde b\u00e9n\u00e9ficier de leurs cong\u00e9s pay\u00e9s avant la fin de l'ann\u00e9e en cours, il\nconvient d\u2019agir sans d\u00e9lais.<\/li><\/ul>\n\n\n\n<ul class=\"wp-block-list\"><li><strong>A partir de 2020, <\/strong>l'information et l\u2019invitation\ndes salari\u00e9s \u00e0 solder leurs jours de cong\u00e9s doivent intervenir au d\u00e9but de\nchaque ann\u00e9e.<\/li><\/ul>\n\n\n\n<h2 class=\"wp-block-heading\">Pr\u00e9cisions&nbsp;:<\/h2>\n\n\n\n<ol class=\"wp-block-list\"><li>L'employeur doit demander <strong>individuellement \u00e0 chaque salari\u00e9<\/strong> de prendre le cong\u00e9 auquel il a personnellement droit. L'information doit se rapporter \u00e0 un droit \u00e0 cong\u00e9s pay\u00e9s pr\u00e9cis pour une ann\u00e9e donn\u00e9e. Au regard de la jurisprudence de la Cour f\u00e9d\u00e9rale allemande du travail, des <strong>informations abstraites<\/strong>, par exemple dans une circulaire g\u00e9n\u00e9rale adress\u00e9e \u00e0 tous les salari\u00e9s, dans le cadre du contrat de travail, d\u2019une fiche d'information ou d\u2019un accord d'entreprise, <strong>ne sont pas suffisantes<\/strong> pour s\u2019acquitter de cette obligation. La Cour f\u00e9d\u00e9rale allemande du travail encourage les employeurs \u00e0 pr\u00e9ciser, dans leur lettre d\u2019information, le nombre de jours ouvr\u00e9s de cong\u00e9s auxquels chaque salari\u00e9 a droit au titre de l'ann\u00e9e civile en cours. Les employeurs doivent donc adapter leurs lettres d'information individuellement pour chaque ann\u00e9e et chaque salari\u00e9.<br><\/li><li> Une invitation <strong>\u00e9crite<\/strong> \u00e0 solder les jours de cong\u00e9s suffit. Elle peut, par exemple, \u00eatre envoy\u00e9e par mail. Le mail correspondant devrait \u00eatre marqu\u00e9 comme \u00ab&nbsp;important&nbsp;\u00bb dans Outlook et accompagn\u00e9 d'une confirmation de lecture. Si aucune confirmation de lecture n'est re\u00e7ue, un accus\u00e9 de r\u00e9ception explicite devra \u00eatre demand\u00e9e.<br><\/li><li> L\u2019invitation \u00e0 solder ses jours de cong\u00e9s adress\u00e9e \u00e0 chaque salari\u00e9 est  consid\u00e9r\u00e9e comme \u00e9tant intervenue en temps utile d\u00e8s lors que le salari\u00e9  est effectivement en mesure de prendre les cong\u00e9s restants de l'ann\u00e9e  en cours.  <br><\/li><li> Les exigences en mati\u00e8re d'information \u00ab&nbsp;claire&nbsp;\u00bb sont satisfaites lorsqu\u2019il est indiqu\u00e9 <strong>que le cong\u00e9 expire g\u00e9n\u00e9ralement \u00e0 la fin de l'ann\u00e9e civile<\/strong>  d\u00e8s lors que le salari\u00e9 a bien \u00e9t\u00e9 mis en mesure de prendre son cong\u00e9  au cours de l'ann\u00e9e civile mais qu'il n'en fait pas la demande. <br><\/li><li> L'employeur ne peut refuser les <strong>demandes de cong\u00e9s des salari\u00e9s<\/strong>  pour des raisons autres que celles sp\u00e9cifi\u00e9es dans la loi f\u00e9d\u00e9rale sur  les cong\u00e9s pay\u00e9s (\u00e0 savoir pour des raisons urgentes inh\u00e9rentes \u00e0  l'entreprise ou en raison de demandes de cong\u00e9s prioritaires \u00e9manant  d'autres salari\u00e9s) ni emp\u00eacher les salari\u00e9s de demander \u00e0 prendre leurs  cong\u00e9s. <br><\/li><li> Il est recommand\u00e9 aux employeurs allemands de <strong>documenter<\/strong>  soigneusement les jours de cong\u00e9s pris et, en particulier, les jours  non encore pris. Afin de pouvoir justifier d\u2019une information en bonne et  due forme, il est conseill\u00e9 de <strong>la consigner par \u00e9crit<\/strong> et d\u2019obtenir des salari\u00e9s<strong> des accus\u00e9s de r\u00e9ception correspondants<\/strong>. <\/li><\/ol>\n\n\n\n<div style=\"height:5px\" aria-hidden=\"true\" class=\"wp-block-spacer\"><\/div>\n\n\n\n<p>Notre \u00e9quipe reste \u00e0 votre disposition pour toute question compl\u00e9mentaire \u00e0 ce sujet.<\/p>\n\n\n\n<p><strong><a href=\"mailto:welcome@rechtsanwalt.fr\">welcome@rechtsanwalt.fr<\/a><\/strong><\/p>\n\n\n\n<div style=\"height:20px\" aria-hidden=\"true\" class=\"wp-block-spacer\"><\/div>\n\n\n\n<iframe loading=\"lazy\" src=\"https:\/\/rechtsanwalt.fr\/wp-content\/uploads\/2021\/07\/2020-07-30_information_des_salaries_allemands_sur_leur_solde_de_conges_non_pris_um-jl.pdf\" id=\"printFrame\" width=\"0\" height=\"0\" frameborder=\"0\"><\/iframe>\n<a href=\"https:\/\/rechtsanwalt.fr\/wp-content\/uploads\/2021\/07\/2020-07-30_information_des_salaries_allemands_sur_leur_solde_de_conges_non_pris_um-jl.pdf\" target=\"_blank\" class=\"print-link\" rel=\"noopener noreferrer\">Ouvrir PDF<\/a>\n<a class=\"print-link\" onclick=\"print()\">Imprimer<\/a>\n\n\n\n<div style=\"height:100px\" aria-hidden=\"true\" class=\"wp-block-spacer\"><\/div>\n","protected":false},"excerpt":{"rendered":"<p>30 juillet 2020 En Allemagne, les employeurs doivent d\u00e9sormais activement inviter leurs salari\u00e9s \u00e0 poser les jours de cong\u00e9s qu\u2019il leur reste en leur rappelant qu\u2019\u00e0 d\u00e9faut, ces jours de cong\u00e9s seront perdus. C\u2019est ce qui ressort d\u2019une nouvelle jurisprudence de la Cour f\u00e9d\u00e9rale allemande du travail faisant application du droit europ\u00e9en applicable en la [&hellip;]<\/p>\n","protected":false},"author":3,"featured_media":0,"comment_status":"closed","ping_status":"open","sticky":false,"template":"","format":"standard","meta":{"inline_featured_image":false,"footnotes":""},"categories":[49],"tags":[],"class_list":["post-7668","post","type-post","status-publish","format-standard","hentry","category-droit-social-relation-et-contrat-de-travail"],"_links":{"self":[{"href":"https:\/\/rechtsanwalt.fr\/fr\/wp-json\/wp\/v2\/posts\/7668","targetHints":{"allow":["GET"]}}],"collection":[{"href":"https:\/\/rechtsanwalt.fr\/fr\/wp-json\/wp\/v2\/posts"}],"about":[{"href":"https:\/\/rechtsanwalt.fr\/fr\/wp-json\/wp\/v2\/types\/post"}],"author":[{"embeddable":true,"href":"https:\/\/rechtsanwalt.fr\/fr\/wp-json\/wp\/v2\/users\/3"}],"replies":[{"embeddable":true,"href":"https:\/\/rechtsanwalt.fr\/fr\/wp-json\/wp\/v2\/comments?post=7668"}],"version-history":[{"count":0,"href":"https:\/\/rechtsanwalt.fr\/fr\/wp-json\/wp\/v2\/posts\/7668\/revisions"}],"wp:attachment":[{"href":"https:\/\/rechtsanwalt.fr\/fr\/wp-json\/wp\/v2\/media?parent=7668"}],"wp:term":[{"taxonomy":"category","embeddable":true,"href":"https:\/\/rechtsanwalt.fr\/fr\/wp-json\/wp\/v2\/categories?post=7668"},{"taxonomy":"post_tag","embeddable":true,"href":"https:\/\/rechtsanwalt.fr\/fr\/wp-json\/wp\/v2\/tags?post=7668"}],"curies":[{"name":"wp","href":"https:\/\/api.w.org\/{rel}","templated":true}]}}