{"id":8972,"date":"2019-02-26T10:07:00","date_gmt":"2019-02-26T09:07:00","guid":{"rendered":"https:\/\/rechtsanwalt.fr\/?p=8972"},"modified":"2021-04-07T12:02:19","modified_gmt":"2021-04-07T10:02:19","slug":"droit-du-travail-en-allemagne-la-conclusion-de-contrats-de-travail-a-duree-determinee-sans-motif-objectif","status":"publish","type":"post","link":"https:\/\/rechtsanwalt.fr\/fr\/droit-du-travail-en-allemagne-la-conclusion-de-contrats-de-travail-a-duree-determinee-sans-motif-objectif\/","title":{"rendered":"Droit du travail en Allemagne: La conclusion de contrats de travail \u00e0 dur\u00e9e d\u00e9termin\u00e9e sans motif objectif"},"content":{"rendered":"<div class=\"boimg-circle-rechtsgebiete-team-kontakt boimg-left-space\">\n<div class=\"boimg-circle_img1\"><a href=\"https:\/\/rechtsanwalt.fr\/fr\/equipe\/ulrich-martin\/\"><img decoding=\"async\" src=\"https:\/\/rechtsanwalt.fr\/wp-content\/uploads\/2020\/04\/ulrich_martin_webportrait_epp.jpg\"><\/a><\/div>\n<div class=\"botext-circle\"><a href=\"https:\/\/rechtsanwalt.fr\/fr\/equipe\/ulrich-martin\/\">Ulrich Martin <sup>DEA \/ DESE<\/sup><\/a><\/div>\n<div class=\"botext-circle-sub\">Rechtsanwalt<\/div>\n<div class=\"botext-circle-sub\"><a onclick=\"return gtag_report_conversion('mailto:martin@rechtsanwalt.fr');\" href=\"mailto:martin@rechtsanwalt.fr\">martin@rechtsanwalt.fr<\/a><\/div>\n<div class=\"botext-circle-sub-tel\"><a href=\"tel:0033388456545\">+33 (0) 3 88 45 65 45<\/a><\/div>\n<\/div>\n<div class=\"boimg-circle-rechtsgebiete-team-kontakt\">\n<div class=\"boimg-circle_img1\"><a href=\"https:\/\/rechtsanwalt.fr\/fr\/equipe\/joerg-luft\/\"><img decoding=\"async\" src=\"https:\/\/rechtsanwalt.fr\/wp-content\/uploads\/2020\/04\/joerg_luft_webportrait_epp.jpg\"><\/a><\/div>\n<div class=\"botext-circle\"><a href=\"https:\/\/rechtsanwalt.fr\/fr\/equipe\/joerg-luft\/\">J\u00f6rg Luft<\/a><\/div>\n<div class=\"botext-circle-sub\">Rechtsanwalt<\/div>\n<div class=\"botext-circle-sub\"><a onclick=\"return gtag_report_conversion('mailto:luft@rechtsanwalt.fr');\" href=\"mailto:luft@rechtsanwalt.fr\">luft@rechtsanwalt.fr<\/a><\/div>\n<div class=\"botext-circle-sub-tel\"><a href=\"tel:00497221302370\">+49 (0) 7221 30 23 70<\/a><\/div>\n<\/div>\n<div style=\"height:40px\" class=\"wp-block-spacer\"><\/div>\n\n\n\n<p>&nbsp;<strong>En droit du travail allemand, les contrats de travail peuvent \u00eatre limit\u00e9s dans le temps jusqu'\u00e0 deux ans sans qu'il soit n\u00e9cessaire de justifier le recours au contrat \u00e0 dur\u00e9e d\u00e9termin\u00e9e. Selon la loi allemande sur le travail \u00e0 temps partiel et le travail \u00e0 dur\u00e9e d\u00e9termin\u00e9e, une telle limitation d'un contrat de travail allemand sans avoir \u00e0 justifier d\u2019un motif n'est toutefois possible que s'il n\u2019existait pas d\u00e9j\u00e0 auparavant de relation de travail \u00e0 dur\u00e9e d\u00e9termin\u00e9e ou ind\u00e9termin\u00e9e avec le m\u00eame employeur. La Cour f\u00e9d\u00e9rale allemande du travail (BAG) vient de modifier fondamentalement sa jurisprudence sur les conditions de l\u2019existence pr\u00e9alable d'un emploi ant\u00e9rieur chez le m\u00eame employeur.&nbsp;<\/strong><\/p>\n\n\n\n<p>&nbsp;Le Tribunal f\u00e9d\u00e9ral du travail a d\u00e9cid\u00e9 que la limitation de la dur\u00e9e d'un contrat de travail sans motif objectif n\u2019\u00e9tait pas admissible si une relation de travail d'environ un an et demi avait d\u00e9j\u00e0 exist\u00e9 entre le salari\u00e9 allemand et l'employeur huit ans auparavant pour des fonctions comparables (BAG, arr\u00eat du 23.01.2019, dossier n\u00b0 7 AZR 733\/16).&nbsp;<\/p>\n\n\n\n<div style=\"height:100px\" aria-hidden=\"true\" class=\"wp-block-spacer\"><\/div>\n\n\n\n<p><\/p>\n","protected":false},"excerpt":{"rendered":"<p>&nbsp;En droit du travail allemand, les contrats de travail peuvent \u00eatre limit\u00e9s dans le temps jusqu'\u00e0 deux ans sans qu'il soit n\u00e9cessaire de justifier le recours au contrat \u00e0 dur\u00e9e d\u00e9termin\u00e9e. Selon la loi allemande sur le travail \u00e0 temps partiel et le travail \u00e0 dur\u00e9e d\u00e9termin\u00e9e, une telle limitation d'un contrat de travail allemand [&hellip;]<\/p>\n","protected":false},"author":3,"featured_media":0,"comment_status":"closed","ping_status":"open","sticky":false,"template":"","format":"standard","meta":{"inline_featured_image":false,"footnotes":""},"categories":[79],"tags":[],"class_list":["post-8972","post","type-post","status-publish","format-standard","hentry","category-news-archive-2019-droit-social"],"_links":{"self":[{"href":"https:\/\/rechtsanwalt.fr\/fr\/wp-json\/wp\/v2\/posts\/8972","targetHints":{"allow":["GET"]}}],"collection":[{"href":"https:\/\/rechtsanwalt.fr\/fr\/wp-json\/wp\/v2\/posts"}],"about":[{"href":"https:\/\/rechtsanwalt.fr\/fr\/wp-json\/wp\/v2\/types\/post"}],"author":[{"embeddable":true,"href":"https:\/\/rechtsanwalt.fr\/fr\/wp-json\/wp\/v2\/users\/3"}],"replies":[{"embeddable":true,"href":"https:\/\/rechtsanwalt.fr\/fr\/wp-json\/wp\/v2\/comments?post=8972"}],"version-history":[{"count":0,"href":"https:\/\/rechtsanwalt.fr\/fr\/wp-json\/wp\/v2\/posts\/8972\/revisions"}],"wp:attachment":[{"href":"https:\/\/rechtsanwalt.fr\/fr\/wp-json\/wp\/v2\/media?parent=8972"}],"wp:term":[{"taxonomy":"category","embeddable":true,"href":"https:\/\/rechtsanwalt.fr\/fr\/wp-json\/wp\/v2\/categories?post=8972"},{"taxonomy":"post_tag","embeddable":true,"href":"https:\/\/rechtsanwalt.fr\/fr\/wp-json\/wp\/v2\/tags?post=8972"}],"curies":[{"name":"wp","href":"https:\/\/api.w.org\/{rel}","templated":true}]}}