{"id":9190,"date":"2018-08-27T17:48:00","date_gmt":"2018-08-27T15:48:00","guid":{"rendered":"https:\/\/rechtsanwalt.fr\/?p=9190"},"modified":"2021-04-07T11:52:35","modified_gmt":"2021-04-07T09:52:35","slug":"allemagne-le-gouvernement-federal-decide-la-mise-en-place-de-contrats-aides-pour-lutter-contre-le-chomage","status":"publish","type":"post","link":"https:\/\/rechtsanwalt.fr\/fr\/allemagne-le-gouvernement-federal-decide-la-mise-en-place-de-contrats-aides-pour-lutter-contre-le-chomage\/","title":{"rendered":"Allemagne : Le gouvernement f\u00e9d\u00e9ral d\u00e9cide la mise en place de contrats aid\u00e9s pour lutter contre le ch\u00f4mage"},"content":{"rendered":"<div class=\"boimg-circle-rechtsgebiete-team-kontakt boimg-left-space\">\n<div class=\"boimg-circle_img1\"><a href=\"https:\/\/rechtsanwalt.fr\/fr\/equipe\/ulrich-martin\/\"><img decoding=\"async\" src=\"https:\/\/rechtsanwalt.fr\/wp-content\/uploads\/2020\/04\/ulrich_martin_webportrait_epp.jpg\"><\/a><\/div>\n<div class=\"botext-circle\"><a href=\"https:\/\/rechtsanwalt.fr\/fr\/equipe\/ulrich-martin\/\">Ulrich Martin <sup>DEA \/ DESE<\/sup><\/a><\/div>\n<div class=\"botext-circle-sub\">Rechtsanwalt<\/div>\n<div class=\"botext-circle-sub\"><a onclick=\"return gtag_report_conversion('mailto:martin@rechtsanwalt.fr');\" href=\"mailto:martin@rechtsanwalt.fr\">martin@rechtsanwalt.fr<\/a><\/div>\n<div class=\"botext-circle-sub-tel\"><a href=\"tel:0033388456545\">+33 (0) 3 88 45 65 45<\/a><\/div>\n<\/div>\n<div class=\"boimg-circle-rechtsgebiete-team-kontakt\">\n<div class=\"boimg-circle_img1\"><a href=\"https:\/\/rechtsanwalt.fr\/fr\/equipe\/joerg-luft\/\"><img decoding=\"async\" src=\"https:\/\/rechtsanwalt.fr\/wp-content\/uploads\/2020\/04\/joerg_luft_webportrait_epp.jpg\"><\/a><\/div>\n<div class=\"botext-circle\"><a href=\"https:\/\/rechtsanwalt.fr\/fr\/equipe\/joerg-luft\/\">J\u00f6rg Luft<\/a><\/div>\n<div class=\"botext-circle-sub\">Rechtsanwalt<\/div>\n<div class=\"botext-circle-sub\"><a onclick=\"return gtag_report_conversion('mailto:luft@rechtsanwalt.fr');\" href=\"mailto:luft@rechtsanwalt.fr\">luft@rechtsanwalt.fr<\/a><\/div>\n<div class=\"botext-circle-sub-tel\"><a href=\"tel:00497221302370\">+49 (0) 7221 30 23 70<\/a><\/div>\n<\/div>\n<div style=\"height:40px\" class=\"wp-block-spacer\"><\/div>\n\n\n\n<p><strong>Les ch\u00f4meurs allemands de longue dur\u00e9e devraient \u00e0 l\u2019avenir pouvoir plus facilement se r\u00e9ins\u00e9rer dans la vie active. Le gouvernement f\u00e9d\u00e9ral a fait une proposition de loi en ce sens pr\u00e9voyant l\u2019octroi aux employeurs allemands d\u2019aides \u00e0 l\u2019embauche des ch\u00f4meurs de longue dur\u00e9e.&nbsp;<\/strong><\/p>\n\n\n\n<p>Les personnes sans travail percevant l'aide sociale en Allemagne (\u00ab <em>Sozialhilfeempf\u00e4nger <\/em>\u00bb) depuis des ann\u00e9es devraient \u00e0 l\u2019avenir pouvoir b\u00e9n\u00e9ficier d\u2019emplois subventionn\u00e9s par l'\u00c9tat. C\u2019est ce que pr\u00e9voit une proposition de loi du minist\u00e8re allemand du travail, que le gouvernement f\u00e9d\u00e9ral vient d\u2019adopter. Selon les pr\u00e9visions du ministre du travail, une \u00e9ventuelle loi devrait entrer en vigueur au 1er janvier 2019.&nbsp;<\/p>\n\n\n\n<p>La proposition de loi du minist\u00e8re du travail pr\u00e9voit le versement d\u2019aides financi\u00e8res de l\u2019Etat pendant une p\u00e9riode de 5 ans. Au cours des deux premi\u00e8res ann\u00e9es, l\u2019aide financi\u00e8re correspondrait au salaire minimum \u2013 qui est actuellement de 8,84 euros de l\u2019heure et qui passera \u00e0 9,19 euros de l\u2019heure au 1er janvier 2019. Selon le projet, la subvention serait ensuite r\u00e9duite de 10 % chaque ann\u00e9e. La condition pr\u00e9alable au versement de l\u2019aide de l\u2019Etat est que les ch\u00f4meurs concern\u00e9s soient \u00e2g\u00e9s d'au moins 25 ans, qu'ils aient per\u00e7u les minima sociaux (appel\u00e9s \u00ab <em>Arbeitslogengeld II <\/em>\u00bb) pendant au moins 7 ans sur une p\u00e9riode de 8 ann\u00e9es cons\u00e9cutives et qu'ils n\u2019aient \u00e9t\u00e9 employ\u00e9s que sur de courtes p\u00e9riodes. Toujours selon le projet de loi, environ 800 000 allocataires de l\u2019aide sociale en Allemagne seraient actuellement \u00e9ligibles \u00e0 ce dispositif d\u2019aide de l\u2019Etat.&nbsp;<\/p>\n\n\n\n<p>La promotion de l'emploi des ch\u00f4meurs de longue dur\u00e9e est \u00e9galement appel\u00e9e \u00e0 \u00e9voluer en Allemagne. Il est pr\u00e9vu qu\u2019\u00e0 partir de 2 ans de ch\u00f4mage au minimum, l\u2019Etat verse pendant 24 mois une subvention pour l\u2019embauche de ch\u00f4meurs dont le montant correspondrait la premi\u00e8re ann\u00e9e \u00e0 75 %, et la deuxi\u00e8me ann\u00e9e \u00e0 50 % du salaire normal. Les employeurs doivent continuer \u00e0 employer les personnes concern\u00e9es pendant 6 mois apr\u00e8s le versement de la subvention de l\u2019Etat. D\u2019apr\u00e8s le projet de loi, environ 450 000 personnes en Allemagne sont au ch\u00f4mage depuis au moins 2 ans.&nbsp;<\/p>\n\n\n\n<p><br><br><br><\/p>\n\n\n\n<p><\/p>\n","protected":false},"excerpt":{"rendered":"<p>Les ch\u00f4meurs allemands de longue dur\u00e9e devraient \u00e0 l\u2019avenir pouvoir plus facilement se r\u00e9ins\u00e9rer dans la vie active. Le gouvernement f\u00e9d\u00e9ral a fait une proposition de loi en ce sens pr\u00e9voyant l\u2019octroi aux employeurs allemands d\u2019aides \u00e0 l\u2019embauche des ch\u00f4meurs de longue dur\u00e9e.&nbsp; Les personnes sans travail percevant l'aide sociale en Allemagne (\u00ab Sozialhilfeempf\u00e4nger \u00bb) [&hellip;]<\/p>\n","protected":false},"author":3,"featured_media":0,"comment_status":"closed","ping_status":"open","sticky":false,"template":"","format":"standard","meta":{"inline_featured_image":false,"footnotes":""},"categories":[85],"tags":[],"class_list":["post-9190","post","type-post","status-publish","format-standard","hentry","category-news-archive-2018-droit-social"],"_links":{"self":[{"href":"https:\/\/rechtsanwalt.fr\/fr\/wp-json\/wp\/v2\/posts\/9190","targetHints":{"allow":["GET"]}}],"collection":[{"href":"https:\/\/rechtsanwalt.fr\/fr\/wp-json\/wp\/v2\/posts"}],"about":[{"href":"https:\/\/rechtsanwalt.fr\/fr\/wp-json\/wp\/v2\/types\/post"}],"author":[{"embeddable":true,"href":"https:\/\/rechtsanwalt.fr\/fr\/wp-json\/wp\/v2\/users\/3"}],"replies":[{"embeddable":true,"href":"https:\/\/rechtsanwalt.fr\/fr\/wp-json\/wp\/v2\/comments?post=9190"}],"version-history":[{"count":0,"href":"https:\/\/rechtsanwalt.fr\/fr\/wp-json\/wp\/v2\/posts\/9190\/revisions"}],"wp:attachment":[{"href":"https:\/\/rechtsanwalt.fr\/fr\/wp-json\/wp\/v2\/media?parent=9190"}],"wp:term":[{"taxonomy":"category","embeddable":true,"href":"https:\/\/rechtsanwalt.fr\/fr\/wp-json\/wp\/v2\/categories?post=9190"},{"taxonomy":"post_tag","embeddable":true,"href":"https:\/\/rechtsanwalt.fr\/fr\/wp-json\/wp\/v2\/tags?post=9190"}],"curies":[{"name":"wp","href":"https:\/\/api.w.org\/{rel}","templated":true}]}}